{"id":5699,"date":"2026-04-28T13:59:46","date_gmt":"2026-04-28T16:59:46","guid":{"rendered":"https:\/\/emcm.ufrn.br\/site\/?p=5699"},"modified":"2026-04-28T14:04:41","modified_gmt":"2026-04-28T17:04:41","slug":"edital-547-2026","status":"publish","type":"post","link":"https:\/\/emcm.ufrn.br\/site\/2026\/04\/28\/edital-547-2026\/","title":{"rendered":"Edital 547\/2026"},"content":{"rendered":"\t\t<div data-elementor-type=\"wp-post\" data-elementor-id=\"5699\" class=\"elementor elementor-5699\" data-elementor-settings=\"{&quot;ha_cmc_init_switcher&quot;:&quot;no&quot;}\">\n\t\t\t\t<div class=\"elementor-element elementor-element-23116cd e-con-full e-flex e-con e-parent\" data-id=\"23116cd\" data-element_type=\"container\" data-e-type=\"container\" data-settings=\"{&quot;_ha_eqh_enable&quot;:false}\">\n\t\t<div class=\"elementor-element elementor-element-d635dd6 e-con-full e-flex e-con e-child\" data-id=\"d635dd6\" data-element_type=\"container\" data-e-type=\"container\" data-settings=\"{&quot;_ha_eqh_enable&quot;:false}\">\n\t\t\t\t<div class=\"elementor-element elementor-element-80e0bcf elementor-widget elementor-widget-image\" data-id=\"80e0bcf\" data-element_type=\"widget\" data-e-type=\"widget\" data-widget_type=\"image.default\">\n\t\t\t\t<div class=\"elementor-widget-container\">\n\t\t\t\t\t\t\t\t\t\t\t\t\t\t\t<img fetchpriority=\"high\" decoding=\"async\" width=\"1024\" height=\"1024\" src=\"https:\/\/emcm.ufrn.br\/site\/wp-content\/uploads\/2026\/04\/Edital-547-2026.png\" class=\"attachment-large size-large wp-image-5698\" alt=\"\" srcset=\"https:\/\/emcm.ufrn.br\/site\/wp-content\/uploads\/2026\/04\/Edital-547-2026.png 1024w, https:\/\/emcm.ufrn.br\/site\/wp-content\/uploads\/2026\/04\/Edital-547-2026-300x300.png 300w, https:\/\/emcm.ufrn.br\/site\/wp-content\/uploads\/2026\/04\/Edital-547-2026-150x150.png 150w, https:\/\/emcm.ufrn.br\/site\/wp-content\/uploads\/2026\/04\/Edital-547-2026-768x768.png 768w\" sizes=\"(max-width: 1024px) 100vw, 1024px\" \/>\t\t\t\t\t\t\t\t\t\t\t\t\t\t\t<\/div>\n\t\t\t\t<\/div>\n\t\t\t\t<\/div>\n\t\t<div class=\"elementor-element elementor-element-37841b8 e-con-full e-flex e-con e-child\" data-id=\"37841b8\" data-element_type=\"container\" data-e-type=\"container\" data-settings=\"{&quot;_ha_eqh_enable&quot;:false}\">\n\t\t\t\t<div class=\"elementor-element elementor-element-1c9bd2f elementor-widget-mobile__width-initial elementor-widget elementor-widget-heading\" data-id=\"1c9bd2f\" data-element_type=\"widget\" data-e-type=\"widget\" data-widget_type=\"heading.default\">\n\t\t\t\t<div class=\"elementor-widget-container\">\n\t\t\t\t\t<h5 class=\"elementor-heading-title elementor-size-default\">Processo Seletivo para Bolsistas de Pesquisa \u2013 Projeto SER-T\u00c3O + CUIDADO<\/h5>\t\t\t\t<\/div>\n\t\t\t\t<\/div>\n\t\t\t\t<div class=\"elementor-element elementor-element-c50a3d9 elementor-widget-mobile__width-initial elementor-widget__width-initial elementor-widget elementor-widget-text-editor\" data-id=\"c50a3d9\" data-element_type=\"widget\" data-e-type=\"widget\" data-widget_type=\"text-editor.default\">\n\t\t\t\t<div class=\"elementor-widget-container\">\n\t\t\t\t\t\t\t\t\t<p class=\"isSelectedEnd\">A Escola Multicampi de Ci\u00eancias M\u00e9dicas do Rio Grande do Norte (EMCM\/UFRN) divulga a abertura do <strong>Edital n\u00ba 547\/2026<\/strong>, referente ao processo seletivo simplificado para <strong>pesquisadores bolsistas<\/strong> do projeto acad\u00eamico <strong>SER-T\u00c3O + CUIDADO: implanta\u00e7\u00e3o, acompanhamento e avalia\u00e7\u00e3o de cuidados domiciliares a pessoas idosas acamadas no interior do Nordeste<\/strong>.<\/p>\n<p class=\"isSelectedEnd\">O projeto tem como objetivo fortalecer estrat\u00e9gias de cuidado domiciliar em munic\u00edpios do interior do Rio Grande do Norte, com foco na aten\u00e7\u00e3o \u00e0 pessoa idosa acamada.<\/p>\n<h6>Vagas ofertadas<\/h6>\n<p class=\"isSelectedEnd\">Ser\u00e3o disponibilizadas <strong>04 vagas imediatas<\/strong>, al\u00e9m de cadastro reserva, para os seguintes perfis profissionais:<\/p>\n<ul data-spread=\"false\">\n<li>01 vaga para M\u00e9dico(a)<\/li>\n<li>01 vaga para Enfermeiro(a)<\/li>\n<li>01 vaga para Psic\u00f3logo(a)<\/li>\n<li>01 vaga para Fonoaudi\u00f3logo(a)<\/li>\n<\/ul>\n<h6>Bolsa e carga hor\u00e1ria<\/h6>\n<ul data-spread=\"false\">\n<li>Bolsa mensal: <strong>R$ 1.000,00<\/strong><\/li>\n<li>Carga hor\u00e1ria: <strong>6 horas semanais<\/strong><\/li>\n<li>Vig\u00eancia inicial: <strong>12 meses<\/strong>, com possibilidade de prorroga\u00e7\u00e3o.<\/li>\n<\/ul>\n<h6>Inscri\u00e7\u00f5es<\/h6>\n<p class=\"isSelectedEnd\">As inscri\u00e7\u00f5es s\u00e3o <strong>gratuitas<\/strong> e dever\u00e3o ser realizadas entre <strong>27 de abril de 2026 e 30 de abril de 2026, at\u00e9 23h59<\/strong>, exclusivamente por e-mail:<\/p>\n<p class=\"isSelectedEnd\"><a href=\"mailto:sertaomaiscuidado@gmail.com\"><strong>sertaomaiscuidado@gmail.com<\/strong><\/a><\/p>\n<h6>Cronograma<\/h6>\n<ul data-spread=\"false\">\n<li>Homologa\u00e7\u00e3o das inscri\u00e7\u00f5es: <strong>04\/05\/2026<\/strong><\/li>\n<li>Resultado preliminar: <strong>05\/05\/2026<\/strong><\/li>\n<li>Resultado final: <strong>06\/05\/2026<\/strong><\/li>\n<\/ul>\n<h6>Mais informa\u00e7\u00f5es<\/h6>\n<p><span style=\"font-style: inherit; text-transform: inherit;\">O edital completo, com todas as informa\u00e7\u00f5es sobre requisitos, cronograma, \u00e1reas e procedimentos de inscri\u00e7\u00e3o, est\u00e1 dispon\u00edvel no&nbsp;<\/span><a href=\"https:\/\/emcm.ufrn.br\">site<\/a><span style=\"font-style: inherit; text-transform: inherit;\">&nbsp;ou no PDF abaixo.<\/span><\/p>\t\t\t\t\t\t\t\t<\/div>\n\t\t\t\t<\/div>\n\t\t\t\t<div class=\"elementor-element elementor-element-ee8ffe1 elementor-widget elementor-widget-text-editor\" data-id=\"ee8ffe1\" data-element_type=\"widget\" data-e-type=\"widget\" data-widget_type=\"text-editor.default\">\n\t\t\t\t<div class=\"elementor-widget-container\">\n\t\t\t\t\t\t\t\t\t<p><span style=\"color: #ff0505;\">Download do Edital:<\/span><\/p>\t\t\t\t\t\t\t\t<\/div>\n\t\t\t\t<\/div>\n\t\t\t\t<div class=\"elementor-element elementor-element-98d359e elementor-align-left elementor-widget-mobile__width-initial elementor-widget elementor-widget-button\" data-id=\"98d359e\" data-element_type=\"widget\" data-e-type=\"widget\" data-widget_type=\"button.default\">\n\t\t\t\t<div class=\"elementor-widget-container\">\n\t\t\t\t\t\t\t\t\t<div class=\"elementor-button-wrapper\">\n\t\t\t\t\t<a class=\"elementor-button elementor-button-link elementor-size-sm\" href=\"https:\/\/emcm.ufrn.br\/site\/emcm\/Editais\/Bolsas\/Edital%20Pesquisador%20-%20Telessaude.pdf\" target=\"_blank\">\n\t\t\t\t\t\t<span class=\"elementor-button-content-wrapper\">\n\t\t\t\t\t\t<span class=\"elementor-button-icon\">\n\t\t\t\t<svg aria-hidden=\"true\" class=\"e-font-icon-svg e-far-file-pdf\" viewBox=\"0 0 384 512\" xmlns=\"http:\/\/www.w3.org\/2000\/svg\"><path d=\"M369.9 97.9L286 14C277 5 264.8-.1 252.1-.1H48C21.5 0 0 21.5 0 48v416c0 26.5 21.5 48 48 48h288c26.5 0 48-21.5 48-48V131.9c0-12.7-5.1-25-14.1-34zM332.1 128H256V51.9l76.1 76.1zM48 464V48h160v104c0 13.3 10.7 24 24 24h104v288H48zm250.2-143.7c-12.2-12-47-8.7-64.4-6.5-17.2-10.5-28.7-25-36.8-46.3 3.9-16.1 10.1-40.6 5.4-56-4.2-26.2-37.8-23.6-42.6-5.9-4.4 16.1-.4 38.5 7 67.1-10 23.9-24.9 56-35.4 74.4-20 10.3-47 26.2-51 46.2-3.3 15.8 26 55.2 76.1-31.2 22.4-7.4 46.8-16.5 68.4-20.1 18.9 10.2 41 17 55.8 17 25.5 0 28-28.2 17.5-38.7zm-198.1 77.8c5.1-13.7 24.5-29.5 30.4-35-19 30.3-30.4 35.7-30.4 35zm81.6-190.6c7.4 0 6.7 32.1 1.8 40.8-4.4-13.9-4.3-40.8-1.8-40.8zm-24.4 136.6c9.7-16.9 18-37 24.7-54.7 8.3 15.1 18.9 27.2 30.1 35.5-20.8 4.3-38.9 13.1-54.8 19.2zm131.6-5s-5 6-37.3-7.8c35.1-2.6 40.9 5.4 37.3 7.8z\"><\/path><\/svg>\t\t\t<\/span>\n\t\t\t\t\t\t\t\t\t<span class=\"elementor-button-text\">EDITAL_N_547_2026.pdf<\/span>\n\t\t\t\t\t<\/span>\n\t\t\t\t\t<\/a>\n\t\t\t\t<\/div>\n\t\t\t\t\t\t\t\t<\/div>\n\t\t\t\t<\/div>\n\t\t\t\t<\/div>\n\t\t\t\t<\/div>\n\t\t\t\t<\/div>\n\t\t","protected":false},"excerpt":{"rendered":"<p>Processo Seletivo para Bolsistas de Pesquisa \u2013 Projeto SER-T\u00c3O + CUIDADO A Escola Multicampi de Ci\u00eancias M\u00e9dicas do Rio Grande do Norte (EMCM\/UFRN) divulga a abertura do Edital n\u00ba 547\/2026, referente ao processo seletivo simplificado para pesquisadores bolsistas do projeto acad\u00eamico SER-T\u00c3O + CUIDADO: implanta\u00e7\u00e3o, acompanhamento e avalia\u00e7\u00e3o de cuidados domiciliares a pessoas idosas acamadas [&hellip;]<\/p>\n","protected":false},"author":1,"featured_media":5698,"comment_status":"closed","ping_status":"closed","sticky":false,"template":"","format":"standard","meta":{"footnotes":""},"categories":[11,17,18],"tags":[],"class_list":["post-5699","post","type-post","status-publish","format-standard","has-post-thumbnail","hentry","category-destaque","category-edital","category-edital-externo"],"_links":{"self":[{"href":"https:\/\/emcm.ufrn.br\/site\/wp-json\/wp\/v2\/posts\/5699","targetHints":{"allow":["GET"]}}],"collection":[{"href":"https:\/\/emcm.ufrn.br\/site\/wp-json\/wp\/v2\/posts"}],"about":[{"href":"https:\/\/emcm.ufrn.br\/site\/wp-json\/wp\/v2\/types\/post"}],"author":[{"embeddable":true,"href":"https:\/\/emcm.ufrn.br\/site\/wp-json\/wp\/v2\/users\/1"}],"replies":[{"embeddable":true,"href":"https:\/\/emcm.ufrn.br\/site\/wp-json\/wp\/v2\/comments?post=5699"}],"version-history":[{"count":7,"href":"https:\/\/emcm.ufrn.br\/site\/wp-json\/wp\/v2\/posts\/5699\/revisions"}],"predecessor-version":[{"id":5707,"href":"https:\/\/emcm.ufrn.br\/site\/wp-json\/wp\/v2\/posts\/5699\/revisions\/5707"}],"wp:featuredmedia":[{"embeddable":true,"href":"https:\/\/emcm.ufrn.br\/site\/wp-json\/wp\/v2\/media\/5698"}],"wp:attachment":[{"href":"https:\/\/emcm.ufrn.br\/site\/wp-json\/wp\/v2\/media?parent=5699"}],"wp:term":[{"taxonomy":"category","embeddable":true,"href":"https:\/\/emcm.ufrn.br\/site\/wp-json\/wp\/v2\/categories?post=5699"},{"taxonomy":"post_tag","embeddable":true,"href":"https:\/\/emcm.ufrn.br\/site\/wp-json\/wp\/v2\/tags?post=5699"}],"curies":[{"name":"wp","href":"https:\/\/api.w.org\/{rel}","templated":true}]}}