{"id":5689,"date":"2026-04-24T13:43:42","date_gmt":"2026-04-24T16:43:42","guid":{"rendered":"https:\/\/emcm.ufrn.br\/site\/?p=5689"},"modified":"2026-04-24T13:48:57","modified_gmt":"2026-04-24T16:48:57","slug":"edital-057-2026","status":"publish","type":"post","link":"https:\/\/emcm.ufrn.br\/site\/2026\/04\/24\/edital-057-2026\/","title":{"rendered":"Edital 057\/2026"},"content":{"rendered":"\t\t<div data-elementor-type=\"wp-post\" data-elementor-id=\"5689\" class=\"elementor elementor-5689\" data-elementor-settings=\"{&quot;ha_cmc_init_switcher&quot;:&quot;no&quot;}\">\n\t\t\t\t<div class=\"elementor-element elementor-element-23116cd e-con-full e-flex e-con e-parent\" data-id=\"23116cd\" data-element_type=\"container\" data-e-type=\"container\" data-settings=\"{&quot;_ha_eqh_enable&quot;:false}\">\n\t\t<div class=\"elementor-element elementor-element-d635dd6 e-con-full e-flex e-con e-child\" data-id=\"d635dd6\" data-element_type=\"container\" data-e-type=\"container\" data-settings=\"{&quot;_ha_eqh_enable&quot;:false}\">\n\t\t\t\t<div class=\"elementor-element elementor-element-80e0bcf elementor-widget elementor-widget-image\" data-id=\"80e0bcf\" data-element_type=\"widget\" data-e-type=\"widget\" data-widget_type=\"image.default\">\n\t\t\t\t<div class=\"elementor-widget-container\">\n\t\t\t\t\t\t\t\t\t\t\t\t\t\t\t<img fetchpriority=\"high\" decoding=\"async\" width=\"1024\" height=\"1024\" src=\"https:\/\/emcm.ufrn.br\/site\/wp-content\/uploads\/2026\/04\/EDITAL-057-2026-1024x1024.png\" class=\"attachment-large size-large wp-image-5690\" alt=\"\" srcset=\"https:\/\/emcm.ufrn.br\/site\/wp-content\/uploads\/2026\/04\/EDITAL-057-2026-1024x1024.png 1024w, https:\/\/emcm.ufrn.br\/site\/wp-content\/uploads\/2026\/04\/EDITAL-057-2026-300x300.png 300w, https:\/\/emcm.ufrn.br\/site\/wp-content\/uploads\/2026\/04\/EDITAL-057-2026-150x150.png 150w, https:\/\/emcm.ufrn.br\/site\/wp-content\/uploads\/2026\/04\/EDITAL-057-2026-768x768.png 768w, https:\/\/emcm.ufrn.br\/site\/wp-content\/uploads\/2026\/04\/EDITAL-057-2026.png 1152w\" sizes=\"(max-width: 1024px) 100vw, 1024px\" \/>\t\t\t\t\t\t\t\t\t\t\t\t\t\t\t<\/div>\n\t\t\t\t<\/div>\n\t\t\t\t<\/div>\n\t\t<div class=\"elementor-element elementor-element-37841b8 e-con-full e-flex e-con e-child\" data-id=\"37841b8\" data-element_type=\"container\" data-e-type=\"container\" data-settings=\"{&quot;_ha_eqh_enable&quot;:false}\">\n\t\t\t\t<div class=\"elementor-element elementor-element-1c9bd2f elementor-widget-mobile__width-initial elementor-widget elementor-widget-heading\" data-id=\"1c9bd2f\" data-element_type=\"widget\" data-e-type=\"widget\" data-widget_type=\"heading.default\">\n\t\t\t\t<div class=\"elementor-widget-container\">\n\t\t\t\t\t<h5 class=\"elementor-heading-title elementor-size-default\">Processo Seletivo Simplificado para Professor Substituto\/Tempor\u00e1rio \u2013 UFRN<\/h5>\t\t\t\t<\/div>\n\t\t\t\t<\/div>\n\t\t\t\t<div class=\"elementor-element elementor-element-c50a3d9 elementor-widget-mobile__width-initial elementor-widget__width-initial elementor-widget elementor-widget-text-editor\" data-id=\"c50a3d9\" data-element_type=\"widget\" data-e-type=\"widget\" data-widget_type=\"text-editor.default\">\n\t\t\t\t<div class=\"elementor-widget-container\">\n\t\t\t\t\t\t\t\t\t<p>A Escola Multicampi de Ci\u00eancias M\u00e9dicas do Rio Grande do Norte (EMCM\/UFRN) informa que a Universidade Federal do Rio Grande do Norte publicou o <strong>Edital n\u00ba 057\/2026-PROGESP<\/strong>, referente ao <strong>Processo Seletivo Simplificado para contrata\u00e7\u00e3o de Professor Substituto\/Tempor\u00e1rio<\/strong>.<\/p>\n<p>Para a EMCM\/UFRN \u2013 Campus de Caic\u00f3\/RN, est\u00e3o sendo ofertadas as seguintes vagas imediatas:<\/p>\n<p><strong>01 vaga \u2013 Medicina de Fam\u00edlia e Comunidade \/ Viv\u00eancia Integrada na Comunidade \/ Internato e Resid\u00eancia<\/strong><br>Requisitos: Gradua\u00e7\u00e3o em Medicina e Resid\u00eancia em Medicina de Fam\u00edlia e Comunidade.<br>Regime de trabalho: 20h semanais.<\/p>\n<p><strong>01 vaga \u2013 Oftalmologia \/ Ensino Tutorial, Habilidades e Comunidade \/ Internato e Resid\u00eancia (Caic\u00f3)<\/strong><br>Requisitos: Gradua\u00e7\u00e3o em Medicina e Resid\u00eancia M\u00e9dica em Oftalmologia.<br>Regime de trabalho: 20h semanais.<\/p>\n<p><strong>01 vaga \u2013 Psiquiatria \/ Ensino Tutorial, Habilidades e Comunidade \/ Internato e Resid\u00eancia (Caic\u00f3)<\/strong><br>Requisitos: Gradua\u00e7\u00e3o em Medicina e Resid\u00eancia M\u00e9dica em Psiquiatria.<br>Regime de trabalho: 20h semanais.<\/p>\n<p>As inscri\u00e7\u00f5es ser\u00e3o realizadas <strong>exclusivamente via internet<\/strong>, no per\u00edodo de <strong>29 de abril de 2026 at\u00e9 08 de maio de 2026<\/strong>, por meio do sistema SIGRH\/UFRN. A taxa de inscri\u00e7\u00e3o \u00e9 de <strong>R$ 100,00<\/strong>.<\/p>\n<p>As provas poder\u00e3o ocorrer entre <strong>27 de maio e 05 de junho de 2026<\/strong>, conforme calend\u00e1rio espec\u00edfico a ser divulgado no SIGRH.<br><span style=\"font-style: inherit; text-transform: inherit;\"><br>O edital completo, com todas as informa\u00e7\u00f5es sobre requisitos, cronograma, \u00e1reas e procedimentos de inscri\u00e7\u00e3o, est\u00e1 dispon\u00edvel no&nbsp;<\/span><a href=\"https:\/\/sigrh.ufrn.br\" target=\"_blank\" rel=\"noopener\">site<\/a><span style=\"font-style: inherit; text-transform: inherit;\">&nbsp;ou no PDF abaixo.<\/span><\/p>\t\t\t\t\t\t\t\t<\/div>\n\t\t\t\t<\/div>\n\t\t\t\t<div class=\"elementor-element elementor-element-ee8ffe1 elementor-widget elementor-widget-text-editor\" data-id=\"ee8ffe1\" data-element_type=\"widget\" data-e-type=\"widget\" data-widget_type=\"text-editor.default\">\n\t\t\t\t<div class=\"elementor-widget-container\">\n\t\t\t\t\t\t\t\t\t<p><span style=\"color: #ff0505;\">Download do Edital:<\/span><\/p>\t\t\t\t\t\t\t\t<\/div>\n\t\t\t\t<\/div>\n\t\t\t\t<div class=\"elementor-element elementor-element-98d359e elementor-align-left elementor-widget-mobile__width-initial elementor-widget elementor-widget-button\" data-id=\"98d359e\" data-element_type=\"widget\" data-e-type=\"widget\" data-widget_type=\"button.default\">\n\t\t\t\t<div class=\"elementor-widget-container\">\n\t\t\t\t\t\t\t\t\t<div class=\"elementor-button-wrapper\">\n\t\t\t\t\t<a class=\"elementor-button elementor-button-link elementor-size-sm\" href=\"https:\/\/emcm.ufrn.br\/site\/emcm\/Editais\/Processo%20Seletivo%20-%20Professor%20Substituto\/2026\/EDITAL_N_057_2026.pdf\" target=\"_blank\">\n\t\t\t\t\t\t<span class=\"elementor-button-content-wrapper\">\n\t\t\t\t\t\t<span class=\"elementor-button-icon\">\n\t\t\t\t<svg aria-hidden=\"true\" class=\"e-font-icon-svg e-far-file-pdf\" viewBox=\"0 0 384 512\" xmlns=\"http:\/\/www.w3.org\/2000\/svg\"><path d=\"M369.9 97.9L286 14C277 5 264.8-.1 252.1-.1H48C21.5 0 0 21.5 0 48v416c0 26.5 21.5 48 48 48h288c26.5 0 48-21.5 48-48V131.9c0-12.7-5.1-25-14.1-34zM332.1 128H256V51.9l76.1 76.1zM48 464V48h160v104c0 13.3 10.7 24 24 24h104v288H48zm250.2-143.7c-12.2-12-47-8.7-64.4-6.5-17.2-10.5-28.7-25-36.8-46.3 3.9-16.1 10.1-40.6 5.4-56-4.2-26.2-37.8-23.6-42.6-5.9-4.4 16.1-.4 38.5 7 67.1-10 23.9-24.9 56-35.4 74.4-20 10.3-47 26.2-51 46.2-3.3 15.8 26 55.2 76.1-31.2 22.4-7.4 46.8-16.5 68.4-20.1 18.9 10.2 41 17 55.8 17 25.5 0 28-28.2 17.5-38.7zm-198.1 77.8c5.1-13.7 24.5-29.5 30.4-35-19 30.3-30.4 35.7-30.4 35zm81.6-190.6c7.4 0 6.7 32.1 1.8 40.8-4.4-13.9-4.3-40.8-1.8-40.8zm-24.4 136.6c9.7-16.9 18-37 24.7-54.7 8.3 15.1 18.9 27.2 30.1 35.5-20.8 4.3-38.9 13.1-54.8 19.2zm131.6-5s-5 6-37.3-7.8c35.1-2.6 40.9 5.4 37.3 7.8z\"><\/path><\/svg>\t\t\t<\/span>\n\t\t\t\t\t\t\t\t\t<span class=\"elementor-button-text\">EDITAL_N_057_2026.pdf<\/span>\n\t\t\t\t\t<\/span>\n\t\t\t\t\t<\/a>\n\t\t\t\t<\/div>\n\t\t\t\t\t\t\t\t<\/div>\n\t\t\t\t<\/div>\n\t\t\t\t<\/div>\n\t\t\t\t<\/div>\n\t\t\t\t<\/div>\n\t\t","protected":false},"excerpt":{"rendered":"<p>Processo Seletivo Simplificado para Professor Substituto\/Tempor\u00e1rio \u2013 UFRN A Escola Multicampi de Ci\u00eancias M\u00e9dicas do Rio Grande do Norte (EMCM\/UFRN) informa que a Universidade Federal do Rio Grande do Norte publicou o Edital n\u00ba 057\/2026-PROGESP, referente ao Processo Seletivo Simplificado para contrata\u00e7\u00e3o de Professor Substituto\/Tempor\u00e1rio. Para a EMCM\/UFRN \u2013 Campus de Caic\u00f3\/RN, est\u00e3o sendo ofertadas [&hellip;]<\/p>\n","protected":false},"author":1,"featured_media":5690,"comment_status":"closed","ping_status":"closed","sticky":false,"template":"","format":"standard","meta":{"footnotes":""},"categories":[11,17,18],"tags":[],"class_list":["post-5689","post","type-post","status-publish","format-standard","has-post-thumbnail","hentry","category-destaque","category-edital","category-edital-externo"],"_links":{"self":[{"href":"https:\/\/emcm.ufrn.br\/site\/wp-json\/wp\/v2\/posts\/5689","targetHints":{"allow":["GET"]}}],"collection":[{"href":"https:\/\/emcm.ufrn.br\/site\/wp-json\/wp\/v2\/posts"}],"about":[{"href":"https:\/\/emcm.ufrn.br\/site\/wp-json\/wp\/v2\/types\/post"}],"author":[{"embeddable":true,"href":"https:\/\/emcm.ufrn.br\/site\/wp-json\/wp\/v2\/users\/1"}],"replies":[{"embeddable":true,"href":"https:\/\/emcm.ufrn.br\/site\/wp-json\/wp\/v2\/comments?post=5689"}],"version-history":[{"count":4,"href":"https:\/\/emcm.ufrn.br\/site\/wp-json\/wp\/v2\/posts\/5689\/revisions"}],"predecessor-version":[{"id":5697,"href":"https:\/\/emcm.ufrn.br\/site\/wp-json\/wp\/v2\/posts\/5689\/revisions\/5697"}],"wp:featuredmedia":[{"embeddable":true,"href":"https:\/\/emcm.ufrn.br\/site\/wp-json\/wp\/v2\/media\/5690"}],"wp:attachment":[{"href":"https:\/\/emcm.ufrn.br\/site\/wp-json\/wp\/v2\/media?parent=5689"}],"wp:term":[{"taxonomy":"category","embeddable":true,"href":"https:\/\/emcm.ufrn.br\/site\/wp-json\/wp\/v2\/categories?post=5689"},{"taxonomy":"post_tag","embeddable":true,"href":"https:\/\/emcm.ufrn.br\/site\/wp-json\/wp\/v2\/tags?post=5689"}],"curies":[{"name":"wp","href":"https:\/\/api.w.org\/{rel}","templated":true}]}}