{"id":5629,"date":"2026-02-06T09:56:30","date_gmt":"2026-02-06T12:56:30","guid":{"rendered":"https:\/\/emcm.ufrn.br\/site\/?p=5629"},"modified":"2026-02-06T10:10:12","modified_gmt":"2026-02-06T13:10:12","slug":"edital-008-2026","status":"publish","type":"post","link":"https:\/\/emcm.ufrn.br\/site\/2026\/02\/06\/edital-008-2026\/","title":{"rendered":"Edital 008\/2026"},"content":{"rendered":"\t\t<div data-elementor-type=\"wp-post\" data-elementor-id=\"5629\" class=\"elementor elementor-5629\" data-elementor-settings=\"{&quot;ha_cmc_init_switcher&quot;:&quot;no&quot;}\">\n\t\t\t\t<div class=\"elementor-element elementor-element-23116cd e-con-full e-flex e-con e-parent\" data-id=\"23116cd\" data-element_type=\"container\" data-e-type=\"container\" data-settings=\"{&quot;_ha_eqh_enable&quot;:false}\">\n\t\t<div class=\"elementor-element elementor-element-d635dd6 e-con-full e-flex e-con e-child\" data-id=\"d635dd6\" data-element_type=\"container\" data-e-type=\"container\" data-settings=\"{&quot;_ha_eqh_enable&quot;:false}\">\n\t\t\t\t<div class=\"elementor-element elementor-element-80e0bcf elementor-widget elementor-widget-image\" data-id=\"80e0bcf\" data-element_type=\"widget\" data-e-type=\"widget\" data-widget_type=\"image.default\">\n\t\t\t\t<div class=\"elementor-widget-container\">\n\t\t\t\t\t\t\t\t\t\t\t\t\t\t\t<img decoding=\"async\" src=\"https:\/\/emcm.ufrn.br\/site\/wp-content\/uploads\/2026\/02\/EDITAL-008-2026.png\" title=\"\" alt=\"\" loading=\"lazy\" \/>\t\t\t\t\t\t\t\t\t\t\t\t\t\t\t<\/div>\n\t\t\t\t<\/div>\n\t\t\t\t<\/div>\n\t\t<div class=\"elementor-element elementor-element-37841b8 e-con-full e-flex e-con e-child\" data-id=\"37841b8\" data-element_type=\"container\" data-e-type=\"container\" data-settings=\"{&quot;_ha_eqh_enable&quot;:false}\">\n\t\t\t\t<div class=\"elementor-element elementor-element-1c9bd2f elementor-widget-mobile__width-initial elementor-widget elementor-widget-heading\" data-id=\"1c9bd2f\" data-element_type=\"widget\" data-e-type=\"widget\" data-widget_type=\"heading.default\">\n\t\t\t\t<div class=\"elementor-widget-container\">\n\t\t\t\t\t<h5 class=\"elementor-heading-title elementor-size-default\"><p data-start=\"196\" data-end=\"273\">EMCM\/UFRN abre sele\u00e7\u00e3o para professor substituto nos campi Caic\u00f3 e Santa Cruz<span style=\"font-style: inherit;text-transform: inherit\"><\/span><\/p><\/h5>\t\t\t\t<\/div>\n\t\t\t\t<\/div>\n\t\t\t\t<div class=\"elementor-element elementor-element-c50a3d9 elementor-widget-mobile__width-initial elementor-widget__width-initial elementor-widget elementor-widget-text-editor\" data-id=\"c50a3d9\" data-element_type=\"widget\" data-e-type=\"widget\" data-widget_type=\"text-editor.default\">\n\t\t\t\t<div class=\"elementor-widget-container\">\n\t\t\t\t\t\t\t\t\t<p style=\"font-size: medium; text-align: start;\" data-start=\"431\" data-end=\"916\">A Universidade Federal do Rio Grande do Norte (UFRN), por meio da Pr\u00f3-Reitoria de Gest\u00e3o de Pessoas (PROGESP), publicou o Edital n\u00ba 008\/2026, referente ao processo seletivo simplificado para contrata\u00e7\u00e3o de professor substituto\/tempor\u00e1rio do Magist\u00e9rio Superior. A Escola Multicampi de Ci\u00eancias M\u00e9dicas do Rio Grande do Norte (EMCM\/UFRN) foi contemplada com oportunidades para forma\u00e7\u00e3o de cadastro de reserva nos campi <strong data-start=\"849\" data-end=\"858\">Caic\u00f3<\/strong> e <strong data-start=\"861\" data-end=\"875\">Santa Cruz.<\/strong><\/p>\n<p class=\"not-prose mt-0! mb-0! flex-auto truncate\"><span style=\"font-size: medium; text-align: start; font-style: inherit; text-transform: inherit;\">No <\/span><strong style=\"font-size: medium; text-align: start; font-style: inherit; text-transform: inherit;\" data-start=\"921\" data-end=\"937\">campus Caic\u00f3<\/strong><span style=\"font-size: medium; text-align: start; font-style: inherit; text-transform: inherit;\">, as vagas destinam-se \u00e0s seguintes \u00e1reas:<\/span><\/p>\n<ul style=\"font-size: medium; text-align: start;\" data-start=\"981\" data-end=\"1437\">\n<li data-start=\"981\" data-end=\"1190\">\n<p data-start=\"983\" data-end=\"1070\"><strong data-start=\"983\" data-end=\"1068\">Oftalmologia \/ Ensino Tutorial, Habilidades e Comunidade \/ Internato e Resid\u00eancia<\/strong><\/p>\n<ul data-start=\"1073\" data-end=\"1190\">\n<li data-start=\"1073\" data-end=\"1146\">\n<p data-start=\"1075\" data-end=\"1146\">Requisitos: Gradua\u00e7\u00e3o em Medicina e Resid\u00eancia M\u00e9dica em Oftalmologia<\/p>\n<\/li>\n<li data-start=\"1149\" data-end=\"1190\">\n<p data-start=\"1151\" data-end=\"1190\">Regime de trabalho: 20 horas semanais<\/p>\n<\/li>\n<\/ul>\n<\/li>\n<li data-start=\"1192\" data-end=\"1437\">\n<p data-start=\"1194\" data-end=\"1280\"><strong data-start=\"1194\" data-end=\"1278\">Psiquiatria \/ Ensino Tutorial, Habilidades e Comunidade \/ Internato e Resid\u00eancia<\/strong><\/p>\n<ul data-start=\"1283\" data-end=\"1437\">\n<li data-start=\"1283\" data-end=\"1355\">\n<p data-start=\"1285\" data-end=\"1355\">Requisitos: Gradua\u00e7\u00e3o em Medicina e Resid\u00eancia M\u00e9dica em Psiquiatria<\/p>\n<\/li>\n<li data-start=\"1358\" data-end=\"1437\">\n<p data-start=\"1360\" data-end=\"1437\">Regime de trabalho: 20 horas semanais<\/p>\n<\/li>\n<\/ul>\n<\/li>\n<\/ul>\n<p style=\"font-size: medium; text-align: start;\" data-start=\"1439\" data-end=\"1498\">J\u00e1 no <strong data-start=\"1445\" data-end=\"1466\">campus Santa Cruz<\/strong>, a sele\u00e7\u00e3o contempla a \u00e1rea de:<\/p>\n<ul style=\"font-size: medium; text-align: start;\" data-start=\"1500\" data-end=\"1732\">\n<li data-start=\"1500\" data-end=\"1732\">\n<p data-start=\"1502\" data-end=\"1577\"><strong data-start=\"1502\" data-end=\"1575\">Pediatria \/ Viv\u00eancia Integrada na Comunidade \/ Internato e Resid\u00eancia<\/strong><\/p>\n<ul data-start=\"1580\" data-end=\"1732\">\n<li data-start=\"1580\" data-end=\"1650\">\n<p data-start=\"1582\" data-end=\"1650\">Requisitos: Gradua\u00e7\u00e3o em Medicina e Resid\u00eancia M\u00e9dica em Pediatria<\/p>\n<\/li>\n<li data-start=\"1653\" data-end=\"1732\">\n<p data-start=\"1655\" data-end=\"1732\">Regime de trabalho: 20 horas semanais<\/p>\n<\/li>\n<\/ul>\n<\/li>\n<\/ul>\n<p style=\"font-size: medium; text-align: start;\" data-start=\"1734\" data-end=\"2122\">As inscri\u00e7\u00f5es ser\u00e3o realizadas exclusivamente via internet, por meio do Sistema Integrado de Gest\u00e3o de Recursos Humanos (SIGRH\/UFRN), no per\u00edodo de <strong data-start=\"1882\" data-end=\"1914\">10 a 20 de fevereiro de 2026<\/strong>. A taxa de inscri\u00e7\u00e3o \u00e9 de <strong data-start=\"1941\" data-end=\"1954\">R$ 100,00<\/strong>, com possibilidade de solicita\u00e7\u00e3o de isen\u00e7\u00e3o entre <strong data-start=\"2006\" data-end=\"2038\">10 e 19 de fevereiro de 2026<\/strong>, conforme os crit\u00e9rios definidos no edital.<\/p>\n<p style=\"font-size: medium; text-align: start;\" data-start=\"2124\" data-end=\"2443\">O processo seletivo ser\u00e1 composto por prova did\u00e1tica, de car\u00e1ter eliminat\u00f3rio e classificat\u00f3rio, e avalia\u00e7\u00e3o de t\u00edtulos, de car\u00e1ter classificat\u00f3rio. As etapas avaliativas est\u00e3o previstas para ocorrer entre <strong data-start=\"2330\" data-end=\"2358\">11 e 30 de mar\u00e7o de 2026<\/strong>, no munic\u00edpio de lota\u00e7\u00e3o da respectiva vaga.<\/p>\n<p style=\"font-size: medium; text-align: start;\" data-start=\"2445\" data-end=\"2724\">A remunera\u00e7\u00e3o seguir\u00e1 a tabela vigente do Magist\u00e9rio Superior da UFRN para regime de 20 horas semanais, variando de acordo com a titula\u00e7\u00e3o do candidato aprovado, incluindo vencimento b\u00e1sico, retribui\u00e7\u00e3o por titula\u00e7\u00e3o e aux\u00edlio-alimenta\u00e7\u00e3o.<\/p>\n<p style=\"font-size: medium; text-align: start;\" data-start=\"2726\" data-end=\"2906\">O edital completo segue no link abaixo, bem como demais informa\u00e7\u00f5es, cronograma e atualiza\u00e7\u00f5es do processo seletivo tamb\u00e9m est\u00e3o dispon\u00edveis no portal do SIGRH\/UFRN, na \u00e1rea destinada aos concursos p\u00fablicos.<\/p>\t\t\t\t\t\t\t\t<\/div>\n\t\t\t\t<\/div>\n\t\t\t\t<div class=\"elementor-element elementor-element-ee8ffe1 elementor-widget elementor-widget-text-editor\" data-id=\"ee8ffe1\" data-element_type=\"widget\" data-e-type=\"widget\" data-widget_type=\"text-editor.default\">\n\t\t\t\t<div class=\"elementor-widget-container\">\n\t\t\t\t\t\t\t\t\t<p><span style=\"color: #ff0505;\">Download do Edital:<\/span><\/p>\t\t\t\t\t\t\t\t<\/div>\n\t\t\t\t<\/div>\n\t\t\t\t<div class=\"elementor-element elementor-element-98d359e elementor-align-left elementor-widget-mobile__width-initial elementor-widget elementor-widget-button\" data-id=\"98d359e\" data-element_type=\"widget\" data-e-type=\"widget\" data-widget_type=\"button.default\">\n\t\t\t\t<div class=\"elementor-widget-container\">\n\t\t\t\t\t\t\t\t\t<div class=\"elementor-button-wrapper\">\n\t\t\t\t\t<a class=\"elementor-button elementor-button-link elementor-size-sm\" href=\"https:\/\/emcm.ufrn.br\/site\/emcm\/Editais\/Processo%20Seletivo%20-%20Professor%20Substituto\/2026\/EDITAL_N_008_2026%20PROF%20SUBSTITUTO.pdf\" target=\"_blank\">\n\t\t\t\t\t\t<span class=\"elementor-button-content-wrapper\">\n\t\t\t\t\t\t<span class=\"elementor-button-icon\">\n\t\t\t\t<svg aria-hidden=\"true\" class=\"e-font-icon-svg e-far-file-pdf\" viewBox=\"0 0 384 512\" xmlns=\"http:\/\/www.w3.org\/2000\/svg\"><path d=\"M369.9 97.9L286 14C277 5 264.8-.1 252.1-.1H48C21.5 0 0 21.5 0 48v416c0 26.5 21.5 48 48 48h288c26.5 0 48-21.5 48-48V131.9c0-12.7-5.1-25-14.1-34zM332.1 128H256V51.9l76.1 76.1zM48 464V48h160v104c0 13.3 10.7 24 24 24h104v288H48zm250.2-143.7c-12.2-12-47-8.7-64.4-6.5-17.2-10.5-28.7-25-36.8-46.3 3.9-16.1 10.1-40.6 5.4-56-4.2-26.2-37.8-23.6-42.6-5.9-4.4 16.1-.4 38.5 7 67.1-10 23.9-24.9 56-35.4 74.4-20 10.3-47 26.2-51 46.2-3.3 15.8 26 55.2 76.1-31.2 22.4-7.4 46.8-16.5 68.4-20.1 18.9 10.2 41 17 55.8 17 25.5 0 28-28.2 17.5-38.7zm-198.1 77.8c5.1-13.7 24.5-29.5 30.4-35-19 30.3-30.4 35.7-30.4 35zm81.6-190.6c7.4 0 6.7 32.1 1.8 40.8-4.4-13.9-4.3-40.8-1.8-40.8zm-24.4 136.6c9.7-16.9 18-37 24.7-54.7 8.3 15.1 18.9 27.2 30.1 35.5-20.8 4.3-38.9 13.1-54.8 19.2zm131.6-5s-5 6-37.3-7.8c35.1-2.6 40.9 5.4 37.3 7.8z\"><\/path><\/svg>\t\t\t<\/span>\n\t\t\t\t\t\t\t\t\t<span class=\"elementor-button-text\">EDITAL_N_008_2026 PROF SUBSTITUTO.pdf<\/span>\n\t\t\t\t\t<\/span>\n\t\t\t\t\t<\/a>\n\t\t\t\t<\/div>\n\t\t\t\t\t\t\t\t<\/div>\n\t\t\t\t<\/div>\n\t\t\t\t<\/div>\n\t\t\t\t<\/div>\n\t\t\t\t<\/div>\n\t\t","protected":false},"excerpt":{"rendered":"<p>EMCM\/UFRN abre sele\u00e7\u00e3o para professor substituto nos campi Caic\u00f3 e Santa Cruz A Universidade Federal do Rio Grande do Norte (UFRN), por meio da Pr\u00f3-Reitoria de Gest\u00e3o de Pessoas (PROGESP), publicou o Edital n\u00ba 008\/2026, referente ao processo seletivo simplificado para contrata\u00e7\u00e3o de professor substituto\/tempor\u00e1rio do Magist\u00e9rio Superior. A Escola Multicampi de Ci\u00eancias M\u00e9dicas do [&hellip;]<\/p>\n","protected":false},"author":1,"featured_media":5628,"comment_status":"closed","ping_status":"closed","sticky":false,"template":"","format":"standard","meta":{"footnotes":""},"categories":[11],"tags":[],"class_list":["post-5629","post","type-post","status-publish","format-standard","has-post-thumbnail","hentry","category-destaque"],"_links":{"self":[{"href":"https:\/\/emcm.ufrn.br\/site\/wp-json\/wp\/v2\/posts\/5629","targetHints":{"allow":["GET"]}}],"collection":[{"href":"https:\/\/emcm.ufrn.br\/site\/wp-json\/wp\/v2\/posts"}],"about":[{"href":"https:\/\/emcm.ufrn.br\/site\/wp-json\/wp\/v2\/types\/post"}],"author":[{"embeddable":true,"href":"https:\/\/emcm.ufrn.br\/site\/wp-json\/wp\/v2\/users\/1"}],"replies":[{"embeddable":true,"href":"https:\/\/emcm.ufrn.br\/site\/wp-json\/wp\/v2\/comments?post=5629"}],"version-history":[{"count":7,"href":"https:\/\/emcm.ufrn.br\/site\/wp-json\/wp\/v2\/posts\/5629\/revisions"}],"predecessor-version":[{"id":5637,"href":"https:\/\/emcm.ufrn.br\/site\/wp-json\/wp\/v2\/posts\/5629\/revisions\/5637"}],"wp:featuredmedia":[{"embeddable":true,"href":"https:\/\/emcm.ufrn.br\/site\/wp-json\/wp\/v2\/media\/5628"}],"wp:attachment":[{"href":"https:\/\/emcm.ufrn.br\/site\/wp-json\/wp\/v2\/media?parent=5629"}],"wp:term":[{"taxonomy":"category","embeddable":true,"href":"https:\/\/emcm.ufrn.br\/site\/wp-json\/wp\/v2\/categories?post=5629"},{"taxonomy":"post_tag","embeddable":true,"href":"https:\/\/emcm.ufrn.br\/site\/wp-json\/wp\/v2\/tags?post=5629"}],"curies":[{"name":"wp","href":"https:\/\/api.w.org\/{rel}","templated":true}]}}