{"id":5488,"date":"2026-01-06T16:47:49","date_gmt":"2026-01-06T19:47:49","guid":{"rendered":"https:\/\/emcm.ufrn.br\/site\/?p=5488"},"modified":"2026-01-06T16:55:27","modified_gmt":"2026-01-06T19:55:27","slug":"edital-01-2025","status":"publish","type":"post","link":"https:\/\/emcm.ufrn.br\/site\/2026\/01\/06\/edital-01-2025\/","title":{"rendered":"EMCM abre inscri\u00e7\u00f5es para Resid\u00eancia M\u00e9dica (R3) em Medicina de Fam\u00edlia e Comunidade"},"content":{"rendered":"\t\t<div data-elementor-type=\"wp-post\" data-elementor-id=\"5488\" class=\"elementor elementor-5488\" data-elementor-settings=\"{&quot;ha_cmc_init_switcher&quot;:&quot;no&quot;}\">\n\t\t\t\t<div class=\"elementor-element elementor-element-23116cd e-con-full e-flex e-con e-parent\" data-id=\"23116cd\" data-element_type=\"container\" data-e-type=\"container\" data-settings=\"{&quot;_ha_eqh_enable&quot;:false}\">\n\t\t<div class=\"elementor-element elementor-element-d635dd6 e-con-full e-flex e-con e-child\" data-id=\"d635dd6\" data-element_type=\"container\" data-e-type=\"container\" data-settings=\"{&quot;_ha_eqh_enable&quot;:false}\">\n\t\t\t\t<div class=\"elementor-element elementor-element-80e0bcf elementor-widget elementor-widget-image\" data-id=\"80e0bcf\" data-element_type=\"widget\" data-e-type=\"widget\" data-widget_type=\"image.default\">\n\t\t\t\t<div class=\"elementor-widget-container\">\n\t\t\t\t\t\t\t\t\t\t\t\t\t\t\t<img fetchpriority=\"high\" decoding=\"async\" width=\"1024\" height=\"1024\" src=\"https:\/\/emcm.ufrn.br\/site\/wp-content\/uploads\/2026\/01\/Edital-01-2025.png\" class=\"attachment-large size-large wp-image-5489\" alt=\"\" srcset=\"https:\/\/emcm.ufrn.br\/site\/wp-content\/uploads\/2026\/01\/Edital-01-2025.png 1024w, https:\/\/emcm.ufrn.br\/site\/wp-content\/uploads\/2026\/01\/Edital-01-2025-300x300.png 300w, https:\/\/emcm.ufrn.br\/site\/wp-content\/uploads\/2026\/01\/Edital-01-2025-150x150.png 150w, https:\/\/emcm.ufrn.br\/site\/wp-content\/uploads\/2026\/01\/Edital-01-2025-768x768.png 768w\" sizes=\"(max-width: 1024px) 100vw, 1024px\" \/>\t\t\t\t\t\t\t\t\t\t\t\t\t\t\t<\/div>\n\t\t\t\t<\/div>\n\t\t\t\t<\/div>\n\t\t<div class=\"elementor-element elementor-element-37841b8 e-con-full e-flex e-con e-child\" data-id=\"37841b8\" data-element_type=\"container\" data-e-type=\"container\" data-settings=\"{&quot;_ha_eqh_enable&quot;:false}\">\n\t\t\t\t<div class=\"elementor-element elementor-element-1c9bd2f elementor-widget-mobile__width-initial elementor-widget elementor-widget-heading\" data-id=\"1c9bd2f\" data-element_type=\"widget\" data-e-type=\"widget\" data-widget_type=\"heading.default\">\n\t\t\t\t<div class=\"elementor-widget-container\">\n\t\t\t\t\t<h5 class=\"elementor-heading-title elementor-size-default\">EMCM abre inscri\u00e7\u00f5es para Resid\u00eancia M\u00e9dica (R3) em Medicina de Fam\u00edlia e Comunidade<\/h5>\t\t\t\t<\/div>\n\t\t\t\t<\/div>\n\t\t\t\t<div class=\"elementor-element elementor-element-c50a3d9 elementor-widget-mobile__width-initial elementor-widget__width-initial elementor-widget elementor-widget-text-editor\" data-id=\"c50a3d9\" data-element_type=\"widget\" data-e-type=\"widget\" data-widget_type=\"text-editor.default\">\n\t\t\t\t<div class=\"elementor-widget-container\">\n\t\t\t\t\t\t\t\t\t<p data-path-to-node=\"4\"><span data-path-to-node=\"4,1\">A Escola Multicampi de Ci\u00eancias M\u00e9dicas da UFRN (EMCM) torna p\u00fablico o processo seletivo para ingresso em 2026 nos programas de <b data-path-to-node=\"4,1\" data-index-in-node=\"128\">Resid\u00eancia M\u00e9dica em Medicina de Fam\u00edlia e Comunidade (R3)<\/b><\/span><span data-path-to-node=\"4,3\">. <\/span><span data-path-to-node=\"4,5\">O certame oferece especializa\u00e7\u00e3o em \u00e1reas estrat\u00e9gicas para a atua\u00e7\u00e3o no interior do estado<\/span><span data-path-to-node=\"4,7\">.<\/span><\/p><h5>Vagas e Programas<\/h5><p data-path-to-node=\"6\"><span data-path-to-node=\"6,1\">Est\u00e3o sendo ofertadas <b data-path-to-node=\"6,1\" data-index-in-node=\"22\">04 (quatro) vagas<\/b> para atua\u00e7\u00e3o em Caic\u00f3\/RN, com dura\u00e7\u00e3o de 12 meses<\/span><span data-path-to-node=\"6,3\">:<\/span><\/p><ul data-path-to-node=\"7\"><li><p data-path-to-node=\"7,0,1\"><span data-path-to-node=\"7,0,1,0\"><b data-path-to-node=\"7,0,1,0\" data-index-in-node=\"0\">Sa\u00fade Mental:<\/b> 02 vagas<\/span><span data-path-to-node=\"7,0,1,2\">.<\/span><\/p><\/li><li><p data-path-to-node=\"7,1,1\"><span data-path-to-node=\"7,1,1,0\"><b data-path-to-node=\"7,1,1,0\" data-index-in-node=\"0\">Sa\u00fade do Campo, das Florestas e das \u00c1guas:<\/b> 02 vagas<\/span><span data-path-to-node=\"7,1,1,2\">.<\/span><span style=\"font-style: inherit; text-transform: inherit;\">\u00a0<\/span><\/p><\/li><\/ul><h5>Benef\u00edcios e Carga Hor\u00e1ria<\/h5><ul data-path-to-node=\"9\"><li><p data-path-to-node=\"9,0,1\"><span data-path-to-node=\"9,0,1,0\"><b data-path-to-node=\"9,0,1,0\" data-index-in-node=\"0\">Bolsa Mensal:<\/b> R$ 4.106,09 (valor base) + complementa\u00e7\u00e3o da Secretaria Municipal de Sa\u00fade de Caic\u00f3-RN<\/span><span data-path-to-node=\"9,0,1,2\">.<\/span><span style=\"font-style: inherit; text-transform: inherit;\">\u00a0<\/span><\/p><\/li><li><p data-path-to-node=\"9,1,1\"><span data-path-to-node=\"9,1,1,0\"><b data-path-to-node=\"9,1,1,0\" data-index-in-node=\"0\">Regime de Trabalho:<\/b> 60 horas semanais<\/span><span data-path-to-node=\"9,1,1,2\">.<\/span><\/p><\/li><li><p data-path-to-node=\"9,2,1\"><span data-path-to-node=\"9,2,1,0\"><b data-path-to-node=\"9,2,1,0\" data-index-in-node=\"0\">In\u00edcio das Atividades:<\/b> Previsto para 01 de mar\u00e7o de 2026<\/span><span data-path-to-node=\"9,2,1,2\">.<\/span><\/p><\/li><\/ul><h5>Inscri\u00e7\u00f5es<\/h5><ul data-path-to-node=\"11\"><li><p data-path-to-node=\"11,0,1\"><span data-path-to-node=\"11,0,1,0\"><b data-path-to-node=\"11,0,1,0\" data-index-in-node=\"0\">Per\u00edodo:<\/b> Das 08h de 07\/01\/2026 at\u00e9 \u00e0s 23h59 de 16\/01\/2026<\/span><span data-path-to-node=\"11,0,1,2\">.<\/span><\/p><\/li><li><p data-path-to-node=\"11,1,1\"><span data-path-to-node=\"11,1,1,0\"><b data-path-to-node=\"11,1,1,0\" data-index-in-node=\"0\">Onde se inscrever:<\/b> Atrav\u00e9s do portal <a href=\"https:\/\/sigaa.ufrn.br\/sigaa\/public\/home.jsf\" target=\"_blank\" rel=\"noopener\" data-hveid=\"0\" data-ved=\"0CAAQ_4QMahcKEwiFjbW_1PeRAxUAAAAAHQAAAAAQUg\">SIGAA\/UFRN<\/a>, na aba de <i data-path-to-node=\"11,1,1,0\" data-index-in-node=\"59\">Processos Seletivos Lato Sensu<\/i><\/span><span data-path-to-node=\"11,1,1,2\">.<\/span><\/p><\/li><li><p data-path-to-node=\"11,2,1\"><span data-path-to-node=\"11,2,1,0\"><b data-path-to-node=\"11,2,1,0\" data-index-in-node=\"0\">Taxa:<\/b> R$ 150,00 (pagamento at\u00e9 17\/01\/2026)<\/span><span data-path-to-node=\"11,2,1,2\">.<\/span><\/p><\/li><li><p data-path-to-node=\"11,3,1\"><span data-path-to-node=\"11,3,1,0\"><b data-path-to-node=\"11,3,1,0\" data-index-in-node=\"0\">Isen\u00e7\u00e3o:<\/b> Candidatos inscritos no Cad\u00danico ou de baixa renda podem solicitar isen\u00e7\u00e3o entre 07\/01 e 10\/01\/2026<\/span><span data-path-to-node=\"11,3,1,2\">.<\/span><\/p><\/li><\/ul><h5>Requisitos e Sele\u00e7\u00e3o<\/h5><p data-path-to-node=\"13\"><span data-path-to-node=\"13,1\">O processo seletivo \u00e9 destinado a m\u00e9dicos que tenham conclu\u00eddo (ou concluam at\u00e9 01\/03\/2026) a Resid\u00eancia M\u00e9dica de dois anos em Medicina de Fam\u00edlia e Comunidade<\/span><span data-path-to-node=\"13,3\">.<\/span><\/p><p data-path-to-node=\"14\">A sele\u00e7\u00e3o ocorrer\u00e1 em fase \u00fanica:<\/p><ul data-path-to-node=\"15\"><li><p data-path-to-node=\"15,0,1\"><span data-path-to-node=\"15,0,1,0\"><b data-path-to-node=\"15,0,1,0\" data-index-in-node=\"0\">Prova Escrita:<\/b> Composta por 20 quest\u00f5es de m\u00faltipla escolha<\/span><span data-path-to-node=\"15,0,1,2\">.<\/span><\/p><\/li><li><p data-path-to-node=\"15,1,1\"><span data-path-to-node=\"15,1,1,0\"><b data-path-to-node=\"15,1,1,0\" data-index-in-node=\"0\">Data da Prova:<\/b> 01 de fevereiro de 2026<\/span><span data-path-to-node=\"15,1,1,2\">.<\/span><\/p><\/li><li><p data-path-to-node=\"15,2,1\"><span data-path-to-node=\"15,2,1,0\"><b data-path-to-node=\"15,2,1,0\" data-index-in-node=\"0\">Local:<\/b> Escola Multicampi de Ci\u00eancias M\u00e9dicas, em Caic\u00f3\/RN<\/span><span data-path-to-node=\"15,2,1,2\">.<\/span><\/p><\/li><\/ul><h5>Cronograma Resumido<\/h5><ul data-path-to-node=\"17\"><li><p data-path-to-node=\"17,0,1\"><span data-path-to-node=\"17,0,1,0\"><b data-path-to-node=\"17,0,1,0\" data-index-in-node=\"0\">Inscri\u00e7\u00f5es:<\/b> 07\/01 a 16\/01\/2026<\/span><span data-path-to-node=\"17,0,1,2\">.<\/span><\/p><\/li><li><p data-path-to-node=\"17,1,1\"><span data-path-to-node=\"17,1,1,0\"><b data-path-to-node=\"17,1,1,0\" data-index-in-node=\"0\">Resultado das Isen\u00e7\u00f5es:<\/b> 19\/01\/2026<\/span><span data-path-to-node=\"17,1,1,2\">.<\/span><\/p><\/li><li><p data-path-to-node=\"17,2,1\"><span data-path-to-node=\"17,2,1,0\"><b data-path-to-node=\"17,2,1,0\" data-index-in-node=\"0\">Aplica\u00e7\u00e3o da Prova:<\/b> 01\/02\/2026<\/span><span data-path-to-node=\"17,2,1,2\">.<\/span><\/p><\/li><li><p data-path-to-node=\"17,3,1\"><span data-path-to-node=\"17,3,1,0\"><b data-path-to-node=\"17,3,1,0\" data-index-in-node=\"0\">Resultado Definitivo:<\/b> 09\/02\/2026<\/span><span data-path-to-node=\"17,3,1,2\">.<\/span><\/p><\/li><\/ul><p data-path-to-node=\"18\"><span data-path-to-node=\"18,0\">Para mais detalhes sobre o conte\u00fado program\u00e1tico e documentos necess\u00e1rios, consulte o Edital. <\/span><span data-path-to-node=\"18,2\">D\u00favidas podem ser enviadas para: <b data-path-to-node=\"18,2\" data-index-in-node=\"33\">secretariadasresidencias@emcm.ufrn.br<\/b><\/span><span data-path-to-node=\"18,4\">.<\/span><\/p>\t\t\t\t\t\t\t\t<\/div>\n\t\t\t\t<\/div>\n\t\t\t\t<div class=\"elementor-element elementor-element-ee8ffe1 elementor-widget elementor-widget-text-editor\" data-id=\"ee8ffe1\" data-element_type=\"widget\" data-e-type=\"widget\" data-widget_type=\"text-editor.default\">\n\t\t\t\t<div class=\"elementor-widget-container\">\n\t\t\t\t\t\t\t\t\t<p><span style=\"color: #ff0505;\">Download do Edital:<\/span><\/p>\t\t\t\t\t\t\t\t<\/div>\n\t\t\t\t<\/div>\n\t\t\t\t<div class=\"elementor-element elementor-element-98d359e elementor-align-left elementor-widget-mobile__width-initial elementor-widget elementor-widget-button\" data-id=\"98d359e\" data-element_type=\"widget\" data-e-type=\"widget\" data-widget_type=\"button.default\">\n\t\t\t\t<div class=\"elementor-widget-container\">\n\t\t\t\t\t\t\t\t\t<div class=\"elementor-button-wrapper\">\n\t\t\t\t\t<a class=\"elementor-button elementor-button-link elementor-size-sm\" href=\"https:\/\/emcm.ufrn.br\/site\/emcm\/Editais\/Resid%C3%AAncia%20M%C3%A9dica\/Processo%20Seletivo%20-%20Residentes\/2026\/EDITAL%2001-2025.pdf\" target=\"_blank\">\n\t\t\t\t\t\t<span class=\"elementor-button-content-wrapper\">\n\t\t\t\t\t\t<span class=\"elementor-button-icon\">\n\t\t\t\t<svg aria-hidden=\"true\" class=\"e-font-icon-svg e-far-file-pdf\" viewBox=\"0 0 384 512\" xmlns=\"http:\/\/www.w3.org\/2000\/svg\"><path d=\"M369.9 97.9L286 14C277 5 264.8-.1 252.1-.1H48C21.5 0 0 21.5 0 48v416c0 26.5 21.5 48 48 48h288c26.5 0 48-21.5 48-48V131.9c0-12.7-5.1-25-14.1-34zM332.1 128H256V51.9l76.1 76.1zM48 464V48h160v104c0 13.3 10.7 24 24 24h104v288H48zm250.2-143.7c-12.2-12-47-8.7-64.4-6.5-17.2-10.5-28.7-25-36.8-46.3 3.9-16.1 10.1-40.6 5.4-56-4.2-26.2-37.8-23.6-42.6-5.9-4.4 16.1-.4 38.5 7 67.1-10 23.9-24.9 56-35.4 74.4-20 10.3-47 26.2-51 46.2-3.3 15.8 26 55.2 76.1-31.2 22.4-7.4 46.8-16.5 68.4-20.1 18.9 10.2 41 17 55.8 17 25.5 0 28-28.2 17.5-38.7zm-198.1 77.8c5.1-13.7 24.5-29.5 30.4-35-19 30.3-30.4 35.7-30.4 35zm81.6-190.6c7.4 0 6.7 32.1 1.8 40.8-4.4-13.9-4.3-40.8-1.8-40.8zm-24.4 136.6c9.7-16.9 18-37 24.7-54.7 8.3 15.1 18.9 27.2 30.1 35.5-20.8 4.3-38.9 13.1-54.8 19.2zm131.6-5s-5 6-37.3-7.8c35.1-2.6 40.9 5.4 37.3 7.8z\"><\/path><\/svg>\t\t\t<\/span>\n\t\t\t\t\t\t\t\t\t<span class=\"elementor-button-text\">EDITAL 01-2025.pdf<\/span>\n\t\t\t\t\t<\/span>\n\t\t\t\t\t<\/a>\n\t\t\t\t<\/div>\n\t\t\t\t\t\t\t\t<\/div>\n\t\t\t\t<\/div>\n\t\t\t\t<\/div>\n\t\t\t\t<\/div>\n\t\t\t\t<\/div>\n\t\t","protected":false},"excerpt":{"rendered":"<p>EMCM abre inscri\u00e7\u00f5es para Resid\u00eancia M\u00e9dica (R3) em Medicina de Fam\u00edlia e Comunidade A Escola Multicampi de Ci\u00eancias M\u00e9dicas da UFRN (EMCM) torna p\u00fablico o processo seletivo para ingresso em 2026 nos programas de Resid\u00eancia M\u00e9dica em Medicina de Fam\u00edlia e Comunidade (R3). O certame oferece especializa\u00e7\u00e3o em \u00e1reas estrat\u00e9gicas para a atua\u00e7\u00e3o no interior [&hellip;]<\/p>\n","protected":false},"author":1,"featured_media":5489,"comment_status":"closed","ping_status":"closed","sticky":false,"template":"","format":"standard","meta":{"footnotes":""},"categories":[11,17,18,21],"tags":[],"class_list":["post-5488","post","type-post","status-publish","format-standard","has-post-thumbnail","hentry","category-destaque","category-edital","category-edital-externo","category-residencia"],"_links":{"self":[{"href":"https:\/\/emcm.ufrn.br\/site\/wp-json\/wp\/v2\/posts\/5488","targetHints":{"allow":["GET"]}}],"collection":[{"href":"https:\/\/emcm.ufrn.br\/site\/wp-json\/wp\/v2\/posts"}],"about":[{"href":"https:\/\/emcm.ufrn.br\/site\/wp-json\/wp\/v2\/types\/post"}],"author":[{"embeddable":true,"href":"https:\/\/emcm.ufrn.br\/site\/wp-json\/wp\/v2\/users\/1"}],"replies":[{"embeddable":true,"href":"https:\/\/emcm.ufrn.br\/site\/wp-json\/wp\/v2\/comments?post=5488"}],"version-history":[{"count":7,"href":"https:\/\/emcm.ufrn.br\/site\/wp-json\/wp\/v2\/posts\/5488\/revisions"}],"predecessor-version":[{"id":5496,"href":"https:\/\/emcm.ufrn.br\/site\/wp-json\/wp\/v2\/posts\/5488\/revisions\/5496"}],"wp:featuredmedia":[{"embeddable":true,"href":"https:\/\/emcm.ufrn.br\/site\/wp-json\/wp\/v2\/media\/5489"}],"wp:attachment":[{"href":"https:\/\/emcm.ufrn.br\/site\/wp-json\/wp\/v2\/media?parent=5488"}],"wp:term":[{"taxonomy":"category","embeddable":true,"href":"https:\/\/emcm.ufrn.br\/site\/wp-json\/wp\/v2\/categories?post=5488"},{"taxonomy":"post_tag","embeddable":true,"href":"https:\/\/emcm.ufrn.br\/site\/wp-json\/wp\/v2\/tags?post=5488"}],"curies":[{"name":"wp","href":"https:\/\/api.w.org\/{rel}","templated":true}]}}