{"id":5453,"date":"2025-12-03T08:12:00","date_gmt":"2025-12-03T11:12:00","guid":{"rendered":"https:\/\/emcm.ufrn.br\/site\/?p=5453"},"modified":"2026-01-06T15:53:01","modified_gmt":"2026-01-06T18:53:01","slug":"5453","status":"publish","type":"post","link":"https:\/\/emcm.ufrn.br\/site\/2025\/12\/03\/5453\/","title":{"rendered":"Defesas P\u00fablicas de Trabalhos de Conclus\u00e3o de Resid\u00eancia (TCR)"},"content":{"rendered":"\t\t<div data-elementor-type=\"wp-post\" data-elementor-id=\"5453\" class=\"elementor elementor-5453\" data-elementor-settings=\"{&quot;ha_cmc_init_switcher&quot;:&quot;no&quot;}\">\n\t\t\t\t<div class=\"elementor-element elementor-element-369d1484 e-flex e-con-boxed e-con e-parent\" data-id=\"369d1484\" data-element_type=\"container\" data-e-type=\"container\" data-settings=\"{&quot;_ha_eqh_enable&quot;:false}\">\n\t\t\t\t\t<div class=\"e-con-inner\">\n\t\t\t\t\t<\/div>\n\t\t\t\t<\/div>\n\t\t<div class=\"elementor-element elementor-element-2ca5b47 e-flex e-con-boxed e-con e-parent\" data-id=\"2ca5b47\" data-element_type=\"container\" data-e-type=\"container\" data-settings=\"{&quot;_ha_eqh_enable&quot;:false}\">\n\t\t\t\t\t<div class=\"e-con-inner\">\n\t\t<div class=\"elementor-element elementor-element-1aeff21 e-con-full e-flex e-con e-child\" data-id=\"1aeff21\" data-element_type=\"container\" data-e-type=\"container\" data-settings=\"{&quot;_ha_eqh_enable&quot;:false}\">\n\t\t\t\t<div class=\"elementor-element elementor-element-be6b899 elementor-widget elementor-widget-image\" data-id=\"be6b899\" data-element_type=\"widget\" data-e-type=\"widget\" data-widget_type=\"image.default\">\n\t\t\t\t<div class=\"elementor-widget-container\">\n\t\t\t\t\t\t\t\t\t\t\t\t\t\t\t<img fetchpriority=\"high\" decoding=\"async\" width=\"684\" height=\"932\" src=\"https:\/\/emcm.ufrn.br\/site\/wp-content\/uploads\/2025\/11\/EMCM-UFRN-VERTICAL.png\" class=\"attachment-large size-large wp-image-5439\" alt=\"\" srcset=\"https:\/\/emcm.ufrn.br\/site\/wp-content\/uploads\/2025\/11\/EMCM-UFRN-VERTICAL.png 684w, https:\/\/emcm.ufrn.br\/site\/wp-content\/uploads\/2025\/11\/EMCM-UFRN-VERTICAL-220x300.png 220w\" sizes=\"(max-width: 684px) 100vw, 684px\" \/>\t\t\t\t\t\t\t\t\t\t\t\t\t\t\t<\/div>\n\t\t\t\t<\/div>\n\t\t\t\t<\/div>\n\t\t<div class=\"elementor-element elementor-element-4dd134f e-con-full e-flex e-con e-child\" data-id=\"4dd134f\" data-element_type=\"container\" data-e-type=\"container\" data-settings=\"{&quot;_ha_eqh_enable&quot;:false}\">\n\t\t\t\t<div class=\"elementor-element elementor-element-a7b5dfb elementor-widget elementor-widget-heading\" data-id=\"a7b5dfb\" data-element_type=\"widget\" data-e-type=\"widget\" data-widget_type=\"heading.default\">\n\t\t\t\t<div class=\"elementor-widget-container\">\n\t\t\t\t\t<h2 class=\"elementor-heading-title elementor-size-default\"><div aria-live=\"polite\" dir=\"ltr\" style=\"--animation-duration: 400ms;--fade-animation-function: linear\"><h3 data-path-to-node=\"1\"><\/h3><h5 data-elementor-setting-key=\"title\" data-pen-placeholder=\"Digite aqui...\" data-lt-tmp-id=\"lt-59630\" data-gramm=\"false\" style=\"text-transform: none;font-style: normal;font-family: Roboto, sans-serif;font-weight: 600;text-align: center\"><div aria-live=\"polite\" dir=\"ltr\" style=\"--animation-duration: 400ms;--fade-animation-function: linear\"><h5 data-elementor-setting-key=\"title\" data-pen-placeholder=\"Digite aqui...\" data-lt-tmp-id=\"lt-766898\" data-gramm=\"false\" style=\"text-transform: none;font-style: normal;font-family: Roboto, sans-serif;font-weight: 600\">Programa\u00e7\u00e3o Completa: Contribui\u00e7\u00f5es e Inova\u00e7\u00f5es na Sa\u00fade P\u00fablica e Cl\u00ednica (Dezembro\/2025 a Fevereiro\/2026)<\/h5><\/div><\/h5><\/div><p data-start=\"285\" data-end=\"639\" style=\"width: 399.149px;text-align: justify\"><font color=\"#000000\"><span style=\"font-size: 15px;font-weight: 400\">\u00c9 com grande satisfa\u00e7\u00e3o que a Escola Multicampi de Ci\u00eancias M\u00e9dicas (EMCM) da Universidade Federal do Rio Grande do Norte (UFRN) convida a comunidade acad\u00eamica e o p\u00fablico em geral para assistir \u00e0s <\/span><span style=\"font-size: 15px\">Defesas P\u00fablicas dos Trabalhos de Conclus\u00e3o de Resid\u00eancia (TCR)<\/span><span style=\"font-size: 15px;font-weight: 400\"> dos seus residentes.<\/span><\/font><\/p><p data-start=\"285\" data-end=\"639\" style=\"width: 399.149px;text-align: justify\"><font color=\"#000000\"><span style=\"font-size: 15px;font-weight: 400\"><br><\/span><\/font><\/p><p data-start=\"285\" data-end=\"639\" style=\"width: 399.149px;text-align: justify\"><font color=\"#000000\"><span style=\"font-size: 15px;font-weight: 400\">Estes trabalhos representam a culmin\u00e2ncia do processo de forma\u00e7\u00e3o em resid\u00eancia, trazendo importantes contribui\u00e7\u00f5es para a sa\u00fade e a pr\u00e1tica profissional, com temas que abordam desde protocolos cl\u00ednicos odontol\u00f3gicos e sa\u00fade do trabalhador , at\u00e9 a elabora\u00e7\u00e3o de instrumentos e guias para a Aten\u00e7\u00e3o B\u00e1sica e hospitalar.<\/span><\/font><\/p><p data-start=\"285\" data-end=\"639\" style=\"width: 399.149px;text-align: justify\"><font color=\"#000000\"><span style=\"font-size: 15px;font-weight: 400\"><br><\/span><\/font><\/p><p data-start=\"285\" data-end=\"639\" style=\"width: 399.149px;text-align: justify\"><font color=\"#000000\"><span style=\"font-size: 15px;font-weight: 400\">As apresenta\u00e7\u00f5es ocorrer\u00e3o de <\/span><span style=\"font-size: 15px\">dezembro de 2025 a fevereiro de 2026<\/span><span style=\"font-size: 15px\">,<\/span><span style=\"font-size: 15px;font-weight: 400\"> em formato virtual, por meio de links do Google Meet.<\/span><\/font><span style=\"font-size: 34px;font-weight: 600;font-style: inherit;text-transform: inherit;text-align: start\"><\/span><\/p><\/h2>\t\t\t\t<\/div>\n\t\t\t\t<\/div>\n\t\t\t\t<div class=\"elementor-element elementor-element-6ad9ccb elementor-widget elementor-widget-button\" data-id=\"6ad9ccb\" data-element_type=\"widget\" data-e-type=\"widget\" data-widget_type=\"button.default\">\n\t\t\t\t<div class=\"elementor-widget-container\">\n\t\t\t\t\t\t\t\t\t<div class=\"elementor-button-wrapper\">\n\t\t\t\t\t<a class=\"elementor-button elementor-button-link elementor-size-sm\" href=\"https:\/\/emcm.ufrn.br\/site\/emcm\/Residencia\/2025\/INFO\/Defesas%20P\u00fablicas%20de%20TCR%202025-2.pdf\" target=\"_blank\">\n\t\t\t\t\t\t<span class=\"elementor-button-content-wrapper\">\n\t\t\t\t\t\t<span class=\"elementor-button-icon\">\n\t\t\t\t<svg aria-hidden=\"true\" class=\"e-font-icon-svg e-far-calendar-alt\" viewBox=\"0 0 448 512\" xmlns=\"http:\/\/www.w3.org\/2000\/svg\"><path d=\"M148 288h-40c-6.6 0-12-5.4-12-12v-40c0-6.6 5.4-12 12-12h40c6.6 0 12 5.4 12 12v40c0 6.6-5.4 12-12 12zm108-12v-40c0-6.6-5.4-12-12-12h-40c-6.6 0-12 5.4-12 12v40c0 6.6 5.4 12 12 12h40c6.6 0 12-5.4 12-12zm96 0v-40c0-6.6-5.4-12-12-12h-40c-6.6 0-12 5.4-12 12v40c0 6.6 5.4 12 12 12h40c6.6 0 12-5.4 12-12zm-96 96v-40c0-6.6-5.4-12-12-12h-40c-6.6 0-12 5.4-12 12v40c0 6.6 5.4 12 12 12h40c6.6 0 12-5.4 12-12zm-96 0v-40c0-6.6-5.4-12-12-12h-40c-6.6 0-12 5.4-12 12v40c0 6.6 5.4 12 12 12h40c6.6 0 12-5.4 12-12zm192 0v-40c0-6.6-5.4-12-12-12h-40c-6.6 0-12 5.4-12 12v40c0 6.6 5.4 12 12 12h40c6.6 0 12-5.4 12-12zm96-260v352c0 26.5-21.5 48-48 48H48c-26.5 0-48-21.5-48-48V112c0-26.5 21.5-48 48-48h48V12c0-6.6 5.4-12 12-12h40c6.6 0 12 5.4 12 12v52h128V12c0-6.6 5.4-12 12-12h40c6.6 0 12 5.4 12 12v52h48c26.5 0 48 21.5 48 48zm-48 346V160H48v298c0 3.3 2.7 6 6 6h340c3.3 0 6-2.7 6-6z\"><\/path><\/svg>\t\t\t<\/span>\n\t\t\t\t\t\t\t\t\t<span class=\"elementor-button-text\">Baixar Tabela de Defesas P\u00fablicas de TCR 2025<\/span>\n\t\t\t\t\t<\/span>\n\t\t\t\t\t<\/a>\n\t\t\t\t<\/div>\n\t\t\t\t\t\t\t\t<\/div>\n\t\t\t\t<\/div>\n\t\t\t\t<\/div>\n\t\t\t\t\t<\/div>\n\t\t\t\t<\/div>\n\t\t\t\t<\/div>\n\t\t","protected":false},"excerpt":{"rendered":"<p>Programa\u00e7\u00e3o Completa: Contribui\u00e7\u00f5es e Inova\u00e7\u00f5es na Sa\u00fade P\u00fablica e Cl\u00ednica (Dezembro\/2025 a Fevereiro\/2026) \u00c9 com grande satisfa\u00e7\u00e3o que a Escola Multicampi de Ci\u00eancias M\u00e9dicas (EMCM) da Universidade Federal do Rio Grande do Norte (UFRN) convida a comunidade acad\u00eamica e o p\u00fablico em geral para assistir \u00e0s Defesas P\u00fablicas dos Trabalhos de Conclus\u00e3o de Resid\u00eancia (TCR) [&hellip;]<\/p>\n","protected":false},"author":1,"featured_media":5483,"comment_status":"closed","ping_status":"","sticky":false,"template":"","format":"standard","meta":{"footnotes":""},"categories":[11],"tags":[],"class_list":["post-5453","post","type-post","status-publish","format-standard","has-post-thumbnail","hentry","category-destaque"],"_links":{"self":[{"href":"https:\/\/emcm.ufrn.br\/site\/wp-json\/wp\/v2\/posts\/5453","targetHints":{"allow":["GET"]}}],"collection":[{"href":"https:\/\/emcm.ufrn.br\/site\/wp-json\/wp\/v2\/posts"}],"about":[{"href":"https:\/\/emcm.ufrn.br\/site\/wp-json\/wp\/v2\/types\/post"}],"author":[{"embeddable":true,"href":"https:\/\/emcm.ufrn.br\/site\/wp-json\/wp\/v2\/users\/1"}],"replies":[{"embeddable":true,"href":"https:\/\/emcm.ufrn.br\/site\/wp-json\/wp\/v2\/comments?post=5453"}],"version-history":[{"count":15,"href":"https:\/\/emcm.ufrn.br\/site\/wp-json\/wp\/v2\/posts\/5453\/revisions"}],"predecessor-version":[{"id":5471,"href":"https:\/\/emcm.ufrn.br\/site\/wp-json\/wp\/v2\/posts\/5453\/revisions\/5471"}],"wp:featuredmedia":[{"embeddable":true,"href":"https:\/\/emcm.ufrn.br\/site\/wp-json\/wp\/v2\/media\/5483"}],"wp:attachment":[{"href":"https:\/\/emcm.ufrn.br\/site\/wp-json\/wp\/v2\/media?parent=5453"}],"wp:term":[{"taxonomy":"category","embeddable":true,"href":"https:\/\/emcm.ufrn.br\/site\/wp-json\/wp\/v2\/categories?post=5453"},{"taxonomy":"post_tag","embeddable":true,"href":"https:\/\/emcm.ufrn.br\/site\/wp-json\/wp\/v2\/tags?post=5453"}],"curies":[{"name":"wp","href":"https:\/\/api.w.org\/{rel}","templated":true}]}}