{"id":4951,"date":"2025-06-30T12:42:35","date_gmt":"2025-06-30T15:42:35","guid":{"rendered":"https:\/\/emcm.ufrn.br\/site\/?p=4951"},"modified":"2026-01-06T14:36:20","modified_gmt":"2026-01-06T17:36:20","slug":"edital-pet-saude","status":"publish","type":"post","link":"https:\/\/emcm.ufrn.br\/site\/2025\/06\/30\/edital-pet-saude\/","title":{"rendered":"Edital PET-Sa\u00fade"},"content":{"rendered":"\t\t<div data-elementor-type=\"wp-post\" data-elementor-id=\"4951\" class=\"elementor elementor-4951\" data-elementor-settings=\"{&quot;ha_cmc_init_switcher&quot;:&quot;no&quot;}\">\n\t\t\t\t<div class=\"elementor-element elementor-element-ee7d890 e-flex e-con-boxed e-con e-parent\" data-id=\"ee7d890\" data-element_type=\"container\" data-e-type=\"container\" data-settings=\"{&quot;_ha_eqh_enable&quot;:false}\">\n\t\t\t\t\t<div class=\"e-con-inner\">\n\t\t<div class=\"elementor-element elementor-element-4e8971d e-con-full e-flex e-con e-child\" data-id=\"4e8971d\" data-element_type=\"container\" data-e-type=\"container\" data-settings=\"{&quot;_ha_eqh_enable&quot;:false}\">\n\t\t\t\t<div class=\"elementor-element elementor-element-0e7da69 elementor-widget elementor-widget-image\" data-id=\"0e7da69\" data-element_type=\"widget\" data-e-type=\"widget\" data-widget_type=\"image.default\">\n\t\t\t\t<div class=\"elementor-widget-container\">\n\t\t\t\t\t\t\t\t\t\t\t\t\t\t\t<img decoding=\"async\" src=\"https:\/\/emcm.ufrn.br\/site\/emcm\/Imagens%20Editais\/Editais%202025\/Edital%20Pet-saude.png\" title=\"\" alt=\"\" loading=\"lazy\" \/>\t\t\t\t\t\t\t\t\t\t\t\t\t\t\t<\/div>\n\t\t\t\t<\/div>\n\t\t\t\t<\/div>\n\t\t<div class=\"elementor-element elementor-element-87d7924 e-con-full e-flex e-con e-child\" data-id=\"87d7924\" data-element_type=\"container\" data-e-type=\"container\" data-settings=\"{&quot;_ha_eqh_enable&quot;:false}\">\n\t\t\t\t<div class=\"elementor-element elementor-element-f2d20c0 elementor-widget-mobile__width-initial elementor-widget elementor-widget-heading\" data-id=\"f2d20c0\" data-element_type=\"widget\" data-e-type=\"widget\" data-widget_type=\"heading.default\">\n\t\t\t\t<div class=\"elementor-widget-container\">\n\t\t\t\t\t<h5 class=\"elementor-heading-title elementor-size-default\">Inscri\u00e7\u00f5es abertas para o programa PET-sa\u00fade 2025\/2027 <span style=\"font-style: inherit;text-transform: inherit\"><\/span><\/h5>\t\t\t\t<\/div>\n\t\t\t\t<\/div>\n\t\t\t\t<div class=\"elementor-element elementor-element-0bc8166 elementor-widget-mobile__width-initial elementor-widget elementor-widget-text-editor\" data-id=\"0bc8166\" data-element_type=\"widget\" data-e-type=\"widget\" data-widget_type=\"text-editor.default\">\n\t\t\t\t<div class=\"elementor-widget-container\">\n\t\t\t\t\t\t\t\t\t<p><span style=\"font-style: inherit; text-transform: inherit;\">A Universidade Federal do Rio Grande do Norte (UFRN), por meio da Faculdade de Ci\u00eancias da Sa\u00fade do Trairi (FACISA), do Centro de Ensino Superior do Serid\u00f3 (CERES) e da Escola Multicampi de Ci\u00eancias M\u00e9dicas (EMCM), em parceria com a Secretaria de Estado da Sa\u00fade P\u00fablica do RN (SESAP), torna p\u00fablico o edital de sele\u00e7\u00e3o de estudantes para o Programa PET-Sa\u00fade 2025\/2027 \u2013 Informa\u00e7\u00e3o e Sa\u00fade Digital.<\/span><\/p>\n<p data-start=\"516\" data-end=\"913\">O projeto, intitulado <em data-start=\"538\" data-end=\"701\">\u201cInterioriza\u00e7\u00e3o da Sa\u00fade Digital no Rio Grande do Norte: iniciativas acad\u00eamico-pol\u00edticas e de inova\u00e7\u00e3o tecnol\u00f3gica para redu\u00e7\u00e3o de iniquidades no acesso \u00e0 sa\u00fade\u201d<\/em>, tem como objetivo fortalecer a forma\u00e7\u00e3o de estudantes de gradua\u00e7\u00e3o em sa\u00fade e \u00e1reas afins, promovendo o desenvolvimento de solu\u00e7\u00f5es tecnol\u00f3gicas e educativas voltadas para a sa\u00fade digital no interior do estado.<\/p>\n<p data-start=\"915\" data-end=\"1236\">Ao todo, est\u00e3o sendo ofertadas 110 vagas para discentes dos cursos de Enfermagem, Fisioterapia, Nutri\u00e7\u00e3o e Psicologia (FACISA), Medicina (EMCM), e Direito e Sistemas de Informa\u00e7\u00e3o (CERES). Os estudantes selecionados receber\u00e3o bolsa com valor equivalente \u00e0s de Inicia\u00e7\u00e3o Cient\u00edfica, conforme a Portaria CNPq n\u00ba 1.237\/2023.<\/p>\n<p data-start=\"1238\" data-end=\"1457\">As atividades do programa ter\u00e3o dura\u00e7\u00e3o de 24 meses e incluem a\u00e7\u00f5es de ensino, pesquisa e extens\u00e3o, com foco nos eixos tem\u00e1ticos de cultura em sa\u00fade digital, solu\u00e7\u00f5es tecnol\u00f3gicas e interoperabilidade de dados em sa\u00fade.<\/p>\n<p style=\"margin-bottom: 0.9rem; width: 399.156px; text-align: justify; color: #030303; font-size: 16px;\"><strong>Inscri\u00e7\u00f5es:&nbsp;<\/strong><\/p>\n<p style=\"margin-bottom: 0.9rem; width: 399.156px; text-align: justify; color: #030303; font-size: 16px;\"><strong style=\"font-family: var( --e-global-typography-text-font-family ), Sans-serif; font-style: inherit; text-transform: inherit;\">25\/06\/2025 \u00e0 03\/07\/2025<br><br><\/strong><\/p><p style=\"margin-bottom: 0.9rem; width: 399.156px; text-align: justify; color: #030303; font-size: 16px;\"><strong style=\"font-family: var( --e-global-typography-text-font-family ), Sans-serif; font-style: inherit; text-transform: inherit;\"><br><\/strong><\/p>\t\t\t\t\t\t\t\t<\/div>\n\t\t\t\t<\/div>\n\t\t\t\t<div class=\"elementor-element elementor-element-974a8fd elementor-widget elementor-widget-text-editor\" data-id=\"974a8fd\" data-element_type=\"widget\" data-e-type=\"widget\" data-widget_type=\"text-editor.default\">\n\t\t\t\t<div class=\"elementor-widget-container\">\n\t\t\t\t\t\t\t\t\t<p><span style=\"color: #ff0505;\">Download do Edital:<\/span><\/p>\t\t\t\t\t\t\t\t<\/div>\n\t\t\t\t<\/div>\n\t\t\t\t<div class=\"elementor-element elementor-element-b69656f elementor-align-left elementor-widget-mobile__width-initial elementor-widget elementor-widget-button\" data-id=\"b69656f\" data-element_type=\"widget\" data-e-type=\"widget\" data-widget_type=\"button.default\">\n\t\t\t\t<div class=\"elementor-widget-container\">\n\t\t\t\t\t\t\t\t\t<div class=\"elementor-button-wrapper\">\n\t\t\t\t\t<a class=\"elementor-button elementor-button-link elementor-size-sm\" href=\"https:\/\/emcm.ufrn.br\/site\/emcm\/Editais\/Edital_pet_sus_digital_discentes_finalizado_assinado.pdf\" target=\"_blank\">\n\t\t\t\t\t\t<span class=\"elementor-button-content-wrapper\">\n\t\t\t\t\t\t<span class=\"elementor-button-icon\">\n\t\t\t\t<svg aria-hidden=\"true\" class=\"e-font-icon-svg e-far-file-pdf\" viewBox=\"0 0 384 512\" xmlns=\"http:\/\/www.w3.org\/2000\/svg\"><path d=\"M369.9 97.9L286 14C277 5 264.8-.1 252.1-.1H48C21.5 0 0 21.5 0 48v416c0 26.5 21.5 48 48 48h288c26.5 0 48-21.5 48-48V131.9c0-12.7-5.1-25-14.1-34zM332.1 128H256V51.9l76.1 76.1zM48 464V48h160v104c0 13.3 10.7 24 24 24h104v288H48zm250.2-143.7c-12.2-12-47-8.7-64.4-6.5-17.2-10.5-28.7-25-36.8-46.3 3.9-16.1 10.1-40.6 5.4-56-4.2-26.2-37.8-23.6-42.6-5.9-4.4 16.1-.4 38.5 7 67.1-10 23.9-24.9 56-35.4 74.4-20 10.3-47 26.2-51 46.2-3.3 15.8 26 55.2 76.1-31.2 22.4-7.4 46.8-16.5 68.4-20.1 18.9 10.2 41 17 55.8 17 25.5 0 28-28.2 17.5-38.7zm-198.1 77.8c5.1-13.7 24.5-29.5 30.4-35-19 30.3-30.4 35.7-30.4 35zm81.6-190.6c7.4 0 6.7 32.1 1.8 40.8-4.4-13.9-4.3-40.8-1.8-40.8zm-24.4 136.6c9.7-16.9 18-37 24.7-54.7 8.3 15.1 18.9 27.2 30.1 35.5-20.8 4.3-38.9 13.1-54.8 19.2zm131.6-5s-5 6-37.3-7.8c35.1-2.6 40.9 5.4 37.3 7.8z\"><\/path><\/svg>\t\t\t<\/span>\n\t\t\t\t\t\t\t\t\t<span class=\"elementor-button-text\">Edital_pet_sus_digital_discentes_finalizado_assinado<\/span>\n\t\t\t\t\t<\/span>\n\t\t\t\t\t<\/a>\n\t\t\t\t<\/div>\n\t\t\t\t\t\t\t\t<\/div>\n\t\t\t\t<\/div>\n\t\t\t\t<\/div>\n\t\t\t\t\t<\/div>\n\t\t\t\t<\/div>\n\t\t\t\t<\/div>\n\t\t","protected":false},"excerpt":{"rendered":"<p>Inscri\u00e7\u00f5es abertas para o programa PET-sa\u00fade 2025\/2027 A Universidade Federal do Rio Grande do Norte (UFRN), por meio da Faculdade de Ci\u00eancias da Sa\u00fade do Trairi (FACISA), do Centro de Ensino Superior do Serid\u00f3 (CERES) e da Escola Multicampi de Ci\u00eancias M\u00e9dicas (EMCM), em parceria com a Secretaria de Estado da Sa\u00fade P\u00fablica do RN [&hellip;]<\/p>\n","protected":false},"author":1,"featured_media":4956,"comment_status":"closed","ping_status":"closed","sticky":false,"template":"","format":"standard","meta":{"footnotes":""},"categories":[1],"tags":[],"class_list":["post-4951","post","type-post","status-publish","format-standard","has-post-thumbnail","hentry","category-sem-categoria"],"_links":{"self":[{"href":"https:\/\/emcm.ufrn.br\/site\/wp-json\/wp\/v2\/posts\/4951","targetHints":{"allow":["GET"]}}],"collection":[{"href":"https:\/\/emcm.ufrn.br\/site\/wp-json\/wp\/v2\/posts"}],"about":[{"href":"https:\/\/emcm.ufrn.br\/site\/wp-json\/wp\/v2\/types\/post"}],"author":[{"embeddable":true,"href":"https:\/\/emcm.ufrn.br\/site\/wp-json\/wp\/v2\/users\/1"}],"replies":[{"embeddable":true,"href":"https:\/\/emcm.ufrn.br\/site\/wp-json\/wp\/v2\/comments?post=4951"}],"version-history":[{"count":12,"href":"https:\/\/emcm.ufrn.br\/site\/wp-json\/wp\/v2\/posts\/4951\/revisions"}],"predecessor-version":[{"id":4965,"href":"https:\/\/emcm.ufrn.br\/site\/wp-json\/wp\/v2\/posts\/4951\/revisions\/4965"}],"wp:featuredmedia":[{"embeddable":true,"href":"https:\/\/emcm.ufrn.br\/site\/wp-json\/wp\/v2\/media\/4956"}],"wp:attachment":[{"href":"https:\/\/emcm.ufrn.br\/site\/wp-json\/wp\/v2\/media?parent=4951"}],"wp:term":[{"taxonomy":"category","embeddable":true,"href":"https:\/\/emcm.ufrn.br\/site\/wp-json\/wp\/v2\/categories?post=4951"},{"taxonomy":"post_tag","embeddable":true,"href":"https:\/\/emcm.ufrn.br\/site\/wp-json\/wp\/v2\/tags?post=4951"}],"curies":[{"name":"wp","href":"https:\/\/api.w.org\/{rel}","templated":true}]}}