{"id":4756,"date":"2025-05-14T15:09:03","date_gmt":"2025-05-14T18:09:03","guid":{"rendered":"http:\/\/emcm.ufrn.br\/site\/?p=4756"},"modified":"2026-01-06T14:36:41","modified_gmt":"2026-01-06T17:36:41","slug":"edital-070-2025","status":"publish","type":"post","link":"https:\/\/emcm.ufrn.br\/site\/2025\/05\/14\/edital-070-2025\/","title":{"rendered":"Edital 070\/2025"},"content":{"rendered":"\t\t<div data-elementor-type=\"wp-post\" data-elementor-id=\"4756\" class=\"elementor elementor-4756\" data-elementor-settings=\"{&quot;ha_cmc_init_switcher&quot;:&quot;no&quot;}\">\n\t\t\t\t<div class=\"elementor-element elementor-element-45f176d e-flex e-con-boxed e-con e-parent\" data-id=\"45f176d\" data-element_type=\"container\" data-e-type=\"container\" data-settings=\"{&quot;_ha_eqh_enable&quot;:false}\">\n\t\t\t\t\t<div class=\"e-con-inner\">\n\t\t<div class=\"elementor-element elementor-element-7e6e2b1 e-con-full e-flex e-con e-child\" data-id=\"7e6e2b1\" data-element_type=\"container\" data-e-type=\"container\" data-settings=\"{&quot;_ha_eqh_enable&quot;:false}\">\n\t\t\t\t<div class=\"elementor-element elementor-element-8e55fb3 elementor-widget elementor-widget-image\" data-id=\"8e55fb3\" data-element_type=\"widget\" data-e-type=\"widget\" data-widget_type=\"image.default\">\n\t\t\t\t<div class=\"elementor-widget-container\">\n\t\t\t\t\t\t\t\t\t\t\t\t\t\t\t<img decoding=\"async\" src=\"https:\/\/emcm.ufrn.br\/site\/emcm\/Imagens%20Editais\/Editais%202025\/Edital%20070_2025.jpg\" title=\"\" alt=\"\" loading=\"lazy\" \/>\t\t\t\t\t\t\t\t\t\t\t\t\t\t\t<\/div>\n\t\t\t\t<\/div>\n\t\t\t\t<\/div>\n\t\t<div class=\"elementor-element elementor-element-78b21a8 e-con-full e-flex e-con e-child\" data-id=\"78b21a8\" data-element_type=\"container\" data-e-type=\"container\" data-settings=\"{&quot;_ha_eqh_enable&quot;:false}\">\n\t\t\t\t<div class=\"elementor-element elementor-element-61234cd elementor-widget-mobile__width-initial elementor-widget elementor-widget-heading\" data-id=\"61234cd\" data-element_type=\"widget\" data-e-type=\"widget\" data-widget_type=\"heading.default\">\n\t\t\t\t<div class=\"elementor-widget-container\">\n\t\t\t\t\t<h5 class=\"elementor-heading-title elementor-size-default\">Concurso p\u00fablico de provas e t\u00edtulos para o provimento de cargo de professor do magist\u00e9rio superior na classe A, assistente 1<\/h5>\t\t\t\t<\/div>\n\t\t\t\t<\/div>\n\t\t\t\t<div class=\"elementor-element elementor-element-7148fdb elementor-widget-mobile__width-initial elementor-widget elementor-widget-text-editor\" data-id=\"7148fdb\" data-element_type=\"widget\" data-e-type=\"widget\" data-widget_type=\"text-editor.default\">\n\t\t\t\t<div class=\"elementor-widget-container\">\n\t\t\t\t\t\t\t\t\t<p class=\"\" data-start=\"167\" data-end=\"436\">A EMCM informa que est\u00e3o abertas as inscri\u00e7\u00f5es para o <strong data-start=\"285\" data-end=\"325\">Concurso P\u00fablico de Provas e T\u00edtulos<\/strong> destinado ao <strong data-start=\"339\" data-end=\"398\">provimento de cargo de Professor do Magist\u00e9rio Superior<\/strong>, na <strong data-start=\"403\" data-end=\"435\">Classe A, n\u00edvel Assistente 1<\/strong>.<\/p><p class=\"\" data-start=\"438\" data-end=\"718\">O concurso visa selecionar profissionais qualificados para integrar o corpo docente da EMCM, contribuindo para o ensino, pesquisa e extens\u00e3o em suas diversas \u00e1reas de atua\u00e7\u00e3o. A sele\u00e7\u00e3o ser\u00e1 realizada por meio de <strong data-start=\"651\" data-end=\"684\">provas e avalia\u00e7\u00e3o de t\u00edtulos<\/strong>, conforme especificado no edital.<\/p><p class=\"\" data-start=\"720\" data-end=\"884\">\u00a0<\/p>\t\t\t\t\t\t\t\t<\/div>\n\t\t\t\t<\/div>\n\t\t\t\t<div class=\"elementor-element elementor-element-0917938 elementor-widget elementor-widget-text-editor\" data-id=\"0917938\" data-element_type=\"widget\" data-e-type=\"widget\" data-widget_type=\"text-editor.default\">\n\t\t\t\t<div class=\"elementor-widget-container\">\n\t\t\t\t\t\t\t\t\t<p><span style=\"color: #ff0505;\">Download do Edital:<\/span><\/p>\t\t\t\t\t\t\t\t<\/div>\n\t\t\t\t<\/div>\n\t\t\t\t<div class=\"elementor-element elementor-element-7418359 elementor-align-left elementor-widget elementor-widget-button\" data-id=\"7418359\" data-element_type=\"widget\" data-e-type=\"widget\" data-widget_type=\"button.default\">\n\t\t\t\t<div class=\"elementor-widget-container\">\n\t\t\t\t\t\t\t\t\t<div class=\"elementor-button-wrapper\">\n\t\t\t\t\t<a class=\"elementor-button elementor-button-link elementor-size-sm\" href=\"https:\/\/emcm.ufrn.br\/site\/emcm\/Editais\/EDITAL_N_070_2025-PROGESP.pdf\" target=\"_blank\">\n\t\t\t\t\t\t<span class=\"elementor-button-content-wrapper\">\n\t\t\t\t\t\t<span class=\"elementor-button-icon\">\n\t\t\t\t<svg aria-hidden=\"true\" class=\"e-font-icon-svg e-far-file-pdf\" viewBox=\"0 0 384 512\" xmlns=\"http:\/\/www.w3.org\/2000\/svg\"><path d=\"M369.9 97.9L286 14C277 5 264.8-.1 252.1-.1H48C21.5 0 0 21.5 0 48v416c0 26.5 21.5 48 48 48h288c26.5 0 48-21.5 48-48V131.9c0-12.7-5.1-25-14.1-34zM332.1 128H256V51.9l76.1 76.1zM48 464V48h160v104c0 13.3 10.7 24 24 24h104v288H48zm250.2-143.7c-12.2-12-47-8.7-64.4-6.5-17.2-10.5-28.7-25-36.8-46.3 3.9-16.1 10.1-40.6 5.4-56-4.2-26.2-37.8-23.6-42.6-5.9-4.4 16.1-.4 38.5 7 67.1-10 23.9-24.9 56-35.4 74.4-20 10.3-47 26.2-51 46.2-3.3 15.8 26 55.2 76.1-31.2 22.4-7.4 46.8-16.5 68.4-20.1 18.9 10.2 41 17 55.8 17 25.5 0 28-28.2 17.5-38.7zm-198.1 77.8c5.1-13.7 24.5-29.5 30.4-35-19 30.3-30.4 35.7-30.4 35zm81.6-190.6c7.4 0 6.7 32.1 1.8 40.8-4.4-13.9-4.3-40.8-1.8-40.8zm-24.4 136.6c9.7-16.9 18-37 24.7-54.7 8.3 15.1 18.9 27.2 30.1 35.5-20.8 4.3-38.9 13.1-54.8 19.2zm131.6-5s-5 6-37.3-7.8c35.1-2.6 40.9 5.4 37.3 7.8z\"><\/path><\/svg>\t\t\t<\/span>\n\t\t\t\t\t\t\t\t\t<span class=\"elementor-button-text\">EDITAL 070 2025-professor do magist\u00e9rio superior na classe A, assistente 1.pdf<\/span>\n\t\t\t\t\t<\/span>\n\t\t\t\t\t<\/a>\n\t\t\t\t<\/div>\n\t\t\t\t\t\t\t\t<\/div>\n\t\t\t\t<\/div>\n\t\t\t\t<\/div>\n\t\t\t\t\t<\/div>\n\t\t\t\t<\/div>\n\t\t\t\t<\/div>\n\t\t","protected":false},"excerpt":{"rendered":"<p>Concurso p\u00fablico de provas e t\u00edtulos para o provimento de cargo de professor do magist\u00e9rio superior na classe A, assistente 1 A EMCM informa que est\u00e3o abertas as inscri\u00e7\u00f5es para o Concurso P\u00fablico de Provas e T\u00edtulos destinado ao provimento de cargo de Professor do Magist\u00e9rio Superior, na Classe A, n\u00edvel Assistente 1. O concurso [&hellip;]<\/p>\n","protected":false},"author":1,"featured_media":4761,"comment_status":"closed","ping_status":"closed","sticky":false,"template":"","format":"standard","meta":{"footnotes":""},"categories":[1],"tags":[],"class_list":["post-4756","post","type-post","status-publish","format-standard","has-post-thumbnail","hentry","category-sem-categoria"],"_links":{"self":[{"href":"https:\/\/emcm.ufrn.br\/site\/wp-json\/wp\/v2\/posts\/4756","targetHints":{"allow":["GET"]}}],"collection":[{"href":"https:\/\/emcm.ufrn.br\/site\/wp-json\/wp\/v2\/posts"}],"about":[{"href":"https:\/\/emcm.ufrn.br\/site\/wp-json\/wp\/v2\/types\/post"}],"author":[{"embeddable":true,"href":"https:\/\/emcm.ufrn.br\/site\/wp-json\/wp\/v2\/users\/1"}],"replies":[{"embeddable":true,"href":"https:\/\/emcm.ufrn.br\/site\/wp-json\/wp\/v2\/comments?post=4756"}],"version-history":[{"count":16,"href":"https:\/\/emcm.ufrn.br\/site\/wp-json\/wp\/v2\/posts\/4756\/revisions"}],"predecessor-version":[{"id":4820,"href":"https:\/\/emcm.ufrn.br\/site\/wp-json\/wp\/v2\/posts\/4756\/revisions\/4820"}],"wp:featuredmedia":[{"embeddable":true,"href":"https:\/\/emcm.ufrn.br\/site\/wp-json\/wp\/v2\/media\/4761"}],"wp:attachment":[{"href":"https:\/\/emcm.ufrn.br\/site\/wp-json\/wp\/v2\/media?parent=4756"}],"wp:term":[{"taxonomy":"category","embeddable":true,"href":"https:\/\/emcm.ufrn.br\/site\/wp-json\/wp\/v2\/categories?post=4756"},{"taxonomy":"post_tag","embeddable":true,"href":"https:\/\/emcm.ufrn.br\/site\/wp-json\/wp\/v2\/tags?post=4756"}],"curies":[{"name":"wp","href":"https:\/\/api.w.org\/{rel}","templated":true}]}}