{"id":4749,"date":"2025-05-14T13:54:30","date_gmt":"2025-05-14T16:54:30","guid":{"rendered":"http:\/\/emcm.ufrn.br\/site\/?p=4749"},"modified":"2026-01-06T14:36:47","modified_gmt":"2026-01-06T17:36:47","slug":"mural-na-emcm","status":"publish","type":"post","link":"https:\/\/emcm.ufrn.br\/site\/2025\/05\/14\/mural-na-emcm\/","title":{"rendered":"Mural na EMCM"},"content":{"rendered":"\t\t<div data-elementor-type=\"wp-post\" data-elementor-id=\"4749\" class=\"elementor elementor-4749\" data-elementor-settings=\"{&quot;ha_cmc_init_switcher&quot;:&quot;no&quot;}\">\n\t\t\t\t<div class=\"elementor-element elementor-element-a9e7c18 e-flex e-con-boxed e-con e-parent\" data-id=\"a9e7c18\" data-element_type=\"container\" data-e-type=\"container\" data-settings=\"{&quot;_ha_eqh_enable&quot;:false}\">\n\t\t\t\t\t<div class=\"e-con-inner\">\n\t\t\t\t<div class=\"elementor-element elementor-element-187e60a elementor-widget elementor-widget-heading\" data-id=\"187e60a\" data-element_type=\"widget\" data-e-type=\"widget\" data-widget_type=\"heading.default\">\n\t\t\t\t<div class=\"elementor-widget-container\">\n\t\t\t\t\t<h4 class=\"elementor-heading-title elementor-size-default\">Mural na Escola Multicampi de Ci\u00eancias M\u00e9dicas relembra a Pandemia<\/h4>\t\t\t\t<\/div>\n\t\t\t\t<\/div>\n\t\t\t\t\t<\/div>\n\t\t\t\t<\/div>\n\t\t<div class=\"elementor-element elementor-element-fdbd6fb e-flex e-con-boxed e-con e-parent\" data-id=\"fdbd6fb\" data-element_type=\"container\" data-e-type=\"container\" data-settings=\"{&quot;_ha_eqh_enable&quot;:false}\">\n\t\t\t\t\t<div class=\"e-con-inner\">\n\t\t\t\t<div class=\"elementor-element elementor-element-8c77844 elementor-widget elementor-widget-text-editor\" data-id=\"8c77844\" data-element_type=\"widget\" data-e-type=\"widget\" data-widget_type=\"text-editor.default\">\n\t\t\t\t<div class=\"elementor-widget-container\">\n\t\t\t\t\t\t\t\t\t<p>Enquanto a pandemia de covid-19 devastava o mundo, uma equipe de constru\u00e7\u00e3o trabalhava silenciosamente para erguer o novo lar da Escola Multicampi de Ci\u00eancias M\u00e9dicas (EMCM\/UFRN), em Caic\u00f3. Agora, esse per\u00edodo hist\u00f3rico e desafiador ganha um tributo permanente: um mural pintado pela artista natalense, radicada em Caic\u00f3, Ariell Guerra, localizado na nova sede da escola.<\/p><p>A iniciativa foi do diretor da EMCM, George Dantas, com o objetivo de homenagear todos aqueles que n\u00e3o pararam durante a emerg\u00eancia de sa\u00fade global. \u201cA pandemia de Covid-19 nos atravessou de forma profunda \u2014 deixou marcas, cicatrizes e um luto que ainda habita muitas de nossas lembran\u00e7as. Aqui na EMCM, escolhemos n\u00e3o silenciar estas mem\u00f3rias, mas ressignific\u00e1-las\u201d, afirma George.\u00a0<\/p>\t\t\t\t\t\t\t\t<\/div>\n\t\t\t\t<\/div>\n\t\t\t\t\t<\/div>\n\t\t\t\t<\/div>\n\t\t<div class=\"elementor-element elementor-element-0f3efbe e-flex e-con-boxed e-con e-parent\" data-id=\"0f3efbe\" data-element_type=\"container\" data-e-type=\"container\" data-settings=\"{&quot;_ha_eqh_enable&quot;:false}\">\n\t\t\t\t\t<div class=\"e-con-inner\">\n\t\t\t\t<div class=\"elementor-element elementor-element-58fbd45 elementor-widget elementor-widget-image\" data-id=\"58fbd45\" data-element_type=\"widget\" data-e-type=\"widget\" data-widget_type=\"image.default\">\n\t\t\t\t<div class=\"elementor-widget-container\">\n\t\t\t\t\t\t\t\t\t\t\t\t\t\t\t<img decoding=\"async\" src=\"https:\/\/emcm.ufrn.br\/site\/emcm\/Imagens%20para%20posts%20do%20site\/Imagens%20para%20posts\/foto1.jpg\" title=\"\" alt=\"\" loading=\"lazy\" \/>\t\t\t\t\t\t\t\t\t\t\t\t\t\t\t<\/div>\n\t\t\t\t<\/div>\n\t\t\t\t\t<\/div>\n\t\t\t\t<\/div>\n\t\t<div class=\"elementor-element elementor-element-1178326 e-flex e-con-boxed e-con e-parent\" data-id=\"1178326\" data-element_type=\"container\" data-e-type=\"container\" data-settings=\"{&quot;_ha_eqh_enable&quot;:false}\">\n\t\t\t\t\t<div class=\"e-con-inner\">\n\t\t\t\t<div class=\"elementor-element elementor-element-254ecdd elementor-widget elementor-widget-text-editor\" data-id=\"254ecdd\" data-element_type=\"widget\" data-e-type=\"widget\" data-widget_type=\"text-editor.default\">\n\t\t\t\t<div class=\"elementor-widget-container\">\n\t\t\t\t\t\t\t\t\t<p><em><i>Mural foi pintado em maio \u2013 Foto: C\u00edcero Oliveira \u2013 Agecom\/UFRN<\/i><\/em><\/p><p><span style=\"font-style: inherit; text-transform: inherit;\">Segundo o diretor, o mural funciona como uma tatuagem impressa no \u201ccorpo\u201d da Institui\u00e7\u00e3o, para lembrar que esse tempo existiu, transformou e precisa ser narrado e sentido. \u201cQue este espa\u00e7o n\u00e3o seja apenas de contempla\u00e7\u00e3o, mas de mem\u00f3ria ativa \u2014 uma lembran\u00e7a permanente de um tempo dif\u00edcil, das perdas que sofremos, das aprendizagens que conquistamos e da pot\u00eancia da arte como forma de cura e resist\u00eancia.\u201d<\/span><\/p><p>A obra de Ariell Guerra \u00e9 rica em simbolismo. Desenvolvida a partir dos relatos de quem participou da hist\u00f3ria da constru\u00e7\u00e3o da nova sede, o mural retrata figuras marcantes do per\u00edodo pand\u00eamico. A base da pintura representa a ci\u00eancia, que abre caminhos \u2014 e \u00e9 nela que surge Jaqueline Goes, cientista respons\u00e1vel pelo primeiro sequenciamento gen\u00e9tico do novo coronav\u00edrus no Brasil. Tamb\u00e9m ganham destaque os profissionais da sa\u00fade, os trabalhadores dos servi\u00e7os essenciais e os pr\u00f3prios oper\u00e1rios da constru\u00e7\u00e3o civil, cuja atua\u00e7\u00e3o permitiu a continuidade dos projetos mesmo diante da crise sanit\u00e1ria.<\/p>\t\t\t\t\t\t\t\t<\/div>\n\t\t\t\t<\/div>\n\t\t\t\t\t<\/div>\n\t\t\t\t<\/div>\n\t\t<div class=\"elementor-element elementor-element-d5584e0 e-flex e-con-boxed e-con e-parent\" data-id=\"d5584e0\" data-element_type=\"container\" data-e-type=\"container\" data-settings=\"{&quot;_ha_eqh_enable&quot;:false}\">\n\t\t\t\t\t<div class=\"e-con-inner\">\n\t\t\t\t<div class=\"elementor-element elementor-element-84ad325 elementor-widget elementor-widget-image\" data-id=\"84ad325\" data-element_type=\"widget\" data-e-type=\"widget\" data-widget_type=\"image.default\">\n\t\t\t\t<div class=\"elementor-widget-container\">\n\t\t\t\t\t\t\t\t\t\t\t\t\t\t\t<img decoding=\"async\" src=\"https:\/\/emcm.ufrn.br\/site\/emcm\/Imagens%20para%20posts%20do%20site\/Imagens%20para%20posts\/Foto2.jpg\" title=\"\" alt=\"\" loading=\"lazy\" \/>\t\t\t\t\t\t\t\t\t\t\t\t\t\t\t<\/div>\n\t\t\t\t<\/div>\n\t\t\t\t\t<\/div>\n\t\t\t\t<\/div>\n\t\t<div class=\"elementor-element elementor-element-0a68050 e-flex e-con-boxed e-con e-parent\" data-id=\"0a68050\" data-element_type=\"container\" data-e-type=\"container\" data-settings=\"{&quot;_ha_eqh_enable&quot;:false}\">\n\t\t\t\t\t<div class=\"e-con-inner\">\n\t\t\t\t<div class=\"elementor-element elementor-element-3bdc4b9 elementor-widget elementor-widget-text-editor\" data-id=\"3bdc4b9\" data-element_type=\"widget\" data-e-type=\"widget\" data-widget_type=\"text-editor.default\">\n\t\t\t\t<div class=\"elementor-widget-container\">\n\t\t\t\t\t\t\t\t\t<p><em><i>Para Ariell, a arte \u00e9 para ser subjetiva, para que cada um assimile de seu jeito \u2013 Foto: C\u00edcero Oliveira \u2013 Agecom\/UFRN<\/i><\/em><\/p><p><em><i>\u00a0<\/i><\/em><span style=\"font-style: inherit; text-transform: inherit;\">\u201cO cora\u00e7\u00e3o do mural est\u00e1 nesse movimento circular, onde cada personagem se conecta com o outro. Constroi-se a base, dela a ci\u00eancia mostra os caminhos. Nesta obra, uma homenagem aos construtores que n\u00e3o pararam, \u00e0 ci\u00eancia, representada por Jaqueline Goes, aos trabalhadores dos servi\u00e7os essenciais, aos profissionais da sa\u00fade. E um tributo de quem ficou \u00e0queles que, infelizmente, partiram\u201d, explica Ariell.\u00a0<\/span><\/p><p>No centro da arte, uma figura de cabelos brancos representa os que perderam a vida. A seu lado, uma crian\u00e7a oferece uma flor \u2014 s\u00edmbolo da nova gera\u00e7\u00e3o e de quem sobreviveu. Em outra ponta do mural, um c\u00edrculo de pessoas representa a popula\u00e7\u00e3o que permaneceu em casa, com a internet como \u00fanico elo de comunica\u00e7\u00e3o. A primeira turma a se formar no novo pr\u00e9dio tamb\u00e9m est\u00e1 retratada.<\/p><p>\u00a0<\/p>\t\t\t\t\t\t\t\t<\/div>\n\t\t\t\t<\/div>\n\t\t\t\t\t<\/div>\n\t\t\t\t<\/div>\n\t\t<div class=\"elementor-element elementor-element-6c84755 e-flex e-con-boxed e-con e-parent\" data-id=\"6c84755\" data-element_type=\"container\" data-e-type=\"container\" data-settings=\"{&quot;_ha_eqh_enable&quot;:false}\">\n\t\t\t\t\t<div class=\"e-con-inner\">\n\t\t\t\t<div class=\"elementor-element elementor-element-cf27623 elementor-widget elementor-widget-image\" data-id=\"cf27623\" data-element_type=\"widget\" data-e-type=\"widget\" data-widget_type=\"image.default\">\n\t\t\t\t<div class=\"elementor-widget-container\">\n\t\t\t\t\t\t\t\t\t\t\t\t\t\t\t<img decoding=\"async\" src=\"https:\/\/emcm.ufrn.br\/site\/emcm\/Imagens%20para%20posts%20do%20site\/Imagens%20para%20posts\/Foto3.jpeg\" title=\"\" alt=\"\" loading=\"lazy\" \/>\t\t\t\t\t\t\t\t\t\t\t\t\t\t\t<\/div>\n\t\t\t\t<\/div>\n\t\t\t\t\t<\/div>\n\t\t\t\t<\/div>\n\t\t<div class=\"elementor-element elementor-element-cbf9797 e-flex e-con-boxed e-con e-parent\" data-id=\"cbf9797\" data-element_type=\"container\" data-e-type=\"container\" data-settings=\"{&quot;_ha_eqh_enable&quot;:false}\">\n\t\t\t\t\t<div class=\"e-con-inner\">\n\t\t\t\t<div class=\"elementor-element elementor-element-8d8b743 elementor-widget elementor-widget-text-editor\" data-id=\"8d8b743\" data-element_type=\"widget\" data-e-type=\"widget\" data-widget_type=\"text-editor.default\">\n\t\t\t\t<div class=\"elementor-widget-container\">\n\t\t\t\t\t\t\t\t\t<p><em><i>Os personagens retratados por Ariell n\u00e3o t\u00eam fei\u00e7\u00f5es no rosto, permitindo que o observador escolha por si s\u00f3 quem \u00e9 a pessoa que quer ver no mural \u2013 Foto: Adrian Matheus<\/i><\/em><\/p><p><span style=\"font-style: inherit; text-transform: inherit;\">\u201cA pandemia foi um movimento encadeado de ajuda, de colabora\u00e7\u00e3o em que as pessoas que lutavam de frente recebiam ajuda do pessoal que estava em casa\u201d, conta Ariell. Segundo a artista, a obra \u00e9 um memorial do que foi vivido. \u201cSomos uma sociedade que precisou se reinventar: transformamos costumes, rotinas, o modo de viver. Nos adaptamos com uma consci\u00eancia maior de que nada \u00e9 concreto, de que a estabilidade \u00e9 uma ilus\u00e3o, e \u00e9 na instabilidade que nos equilibramos, estamos constantemente entre um movimento e outro, em novos ciclos. E ao longo desse caminho, a ci\u00eancia sempre ser\u00e1 luz\u201d, comenta.<\/span><\/p><p>A muralista nasceu em Natal, mas se considera caicoense, cidade onde passou a inf\u00e2ncia. \u201cComo artista, eu trabalho com sentimento\u201d, afirma. Ao ser convidada por George, aceitou de imediato \u2014 o mural \u00e9 o primeiro que pinta na cidade seridoense. Parte da obra foi realizada com a participa\u00e7\u00e3o de pessoas ligadas \u00e0 hist\u00f3ria da EMCM, que deram pinceladas na parede.<\/p><p>A Escola Multicampi de Ci\u00eancias M\u00e9dicas foi fundada em 2014 e, at\u00e9 recentemente, funcionava em outro pr\u00e9dio na cidade. Durante a pandemia, vivenciou momentos marcantes, como a cola\u00e7\u00e3o de grau das tr\u00eas primeiras turmas e os desafios do ensino remoto. A migra\u00e7\u00e3o oficial para o novo edif\u00edcio, pr\u00f3ximo ao campus do Centro de Ensino Superior do Serid\u00f3 (Ceres\/UFRN), ocorreu em 2024, ap\u00f3s anos de obras em um per\u00edodo de incertezas. Hoje, a arte instalada no novo espa\u00e7o cumpre o papel de eternizar a mem\u00f3ria coletiva de um tempo de dor, supera\u00e7\u00e3o e solidariedade.<\/p><p><strong><b>Fonte:<\/b><\/strong>\u00a0Agecom\/UFRN;\u00a0<strong><b>Texto:<\/b><\/strong>\u00a0Paiva Rebou\u00e7as, Karen Oliveira e C\u00edcero Oliveir; Edi\u00e7\u00e3o: Paiva Rebou\u00e7as; Fotografias: C\u00edcero Oliveira.<\/p>\t\t\t\t\t\t\t\t<\/div>\n\t\t\t\t<\/div>\n\t\t\t\t\t<\/div>\n\t\t\t\t<\/div>\n\t\t\t\t<\/div>\n\t\t","protected":false},"excerpt":{"rendered":"<p>Mural na Escola Multicampi de Ci\u00eancias M\u00e9dicas relembra a Pandemia Enquanto a pandemia de covid-19 devastava o mundo, uma equipe de constru\u00e7\u00e3o trabalhava silenciosamente para erguer o novo lar da Escola Multicampi de Ci\u00eancias M\u00e9dicas (EMCM\/UFRN), em Caic\u00f3. Agora, esse per\u00edodo hist\u00f3rico e desafiador ganha um tributo permanente: um mural pintado pela artista natalense, radicada [&hellip;]<\/p>\n","protected":false},"author":1,"featured_media":4755,"comment_status":"closed","ping_status":"closed","sticky":false,"template":"","format":"standard","meta":{"footnotes":""},"categories":[1],"tags":[],"class_list":["post-4749","post","type-post","status-publish","format-standard","has-post-thumbnail","hentry","category-sem-categoria"],"_links":{"self":[{"href":"https:\/\/emcm.ufrn.br\/site\/wp-json\/wp\/v2\/posts\/4749","targetHints":{"allow":["GET"]}}],"collection":[{"href":"https:\/\/emcm.ufrn.br\/site\/wp-json\/wp\/v2\/posts"}],"about":[{"href":"https:\/\/emcm.ufrn.br\/site\/wp-json\/wp\/v2\/types\/post"}],"author":[{"embeddable":true,"href":"https:\/\/emcm.ufrn.br\/site\/wp-json\/wp\/v2\/users\/1"}],"replies":[{"embeddable":true,"href":"https:\/\/emcm.ufrn.br\/site\/wp-json\/wp\/v2\/comments?post=4749"}],"version-history":[{"count":8,"href":"https:\/\/emcm.ufrn.br\/site\/wp-json\/wp\/v2\/posts\/4749\/revisions"}],"predecessor-version":[{"id":4870,"href":"https:\/\/emcm.ufrn.br\/site\/wp-json\/wp\/v2\/posts\/4749\/revisions\/4870"}],"wp:featuredmedia":[{"embeddable":true,"href":"https:\/\/emcm.ufrn.br\/site\/wp-json\/wp\/v2\/media\/4755"}],"wp:attachment":[{"href":"https:\/\/emcm.ufrn.br\/site\/wp-json\/wp\/v2\/media?parent=4749"}],"wp:term":[{"taxonomy":"category","embeddable":true,"href":"https:\/\/emcm.ufrn.br\/site\/wp-json\/wp\/v2\/categories?post=4749"},{"taxonomy":"post_tag","embeddable":true,"href":"https:\/\/emcm.ufrn.br\/site\/wp-json\/wp\/v2\/tags?post=4749"}],"curies":[{"name":"wp","href":"https:\/\/api.w.org\/{rel}","templated":true}]}}