{"id":1327,"date":"2024-07-31T07:24:02","date_gmt":"2024-07-31T10:24:02","guid":{"rendered":"http:\/\/10.143.8.37\/site\/?p=1327"},"modified":"2026-01-06T14:38:20","modified_gmt":"2026-01-06T17:38:20","slug":"minha-arte-na-capa","status":"publish","type":"post","link":"https:\/\/emcm.ufrn.br\/site\/2024\/07\/31\/minha-arte-na-capa\/","title":{"rendered":"Minha arte na capa"},"content":{"rendered":"\t\t<div data-elementor-type=\"wp-post\" data-elementor-id=\"1327\" class=\"elementor elementor-1327\" data-elementor-settings=\"{&quot;ha_cmc_init_switcher&quot;:&quot;no&quot;}\">\n\t\t\t\t<div class=\"elementor-element elementor-element-868df61 e-flex e-con-boxed e-con e-parent\" data-id=\"868df61\" data-element_type=\"container\" data-e-type=\"container\" data-settings=\"{&quot;_ha_eqh_enable&quot;:false}\">\n\t\t\t\t\t<div class=\"e-con-inner\">\n\t\t<div class=\"elementor-element elementor-element-9fb246b e-con-full e-flex e-con e-child\" data-id=\"9fb246b\" data-element_type=\"container\" data-e-type=\"container\" data-settings=\"{&quot;_ha_eqh_enable&quot;:false}\">\n\t\t\t\t<div class=\"elementor-element elementor-element-1b7c758 elementor-widget elementor-widget-image\" data-id=\"1b7c758\" data-element_type=\"widget\" data-e-type=\"widget\" data-widget_type=\"image.default\">\n\t\t\t\t<div class=\"elementor-widget-container\">\n\t\t\t\t\t\t\t\t\t\t\t\t\t\t\t<img decoding=\"async\" src=\"http:\/\/10.143.8.37\/site\/emcm\/Imagens%20Editais\/vencedor-concursominhaartenacapa.jpeg\" title=\"\" alt=\"\" loading=\"lazy\" \/>\t\t\t\t\t\t\t\t\t\t\t\t\t\t\t<\/div>\n\t\t\t\t<\/div>\n\t\t\t\t<\/div>\n\t\t<div class=\"elementor-element elementor-element-89489b2 e-con-full e-flex e-con e-child\" data-id=\"89489b2\" data-element_type=\"container\" data-e-type=\"container\" data-settings=\"{&quot;_ha_eqh_enable&quot;:false}\">\n\t\t\t\t<div class=\"elementor-element elementor-element-1c824ed elementor-widget elementor-widget-heading\" data-id=\"1c824ed\" data-element_type=\"widget\" data-e-type=\"widget\" data-widget_type=\"heading.default\">\n\t\t\t\t<div class=\"elementor-widget-container\">\n\t\t\t\t\t<h2 class=\"elementor-heading-title elementor-size-default\"><h3 data-elementor-setting-key=\"title\" data-pen-placeholder=\"Digite aqui...\" style=\"margin-bottom: 0px;font-family: var( --e-global-typography-primary-font-family ), Sans-serif;font-weight: var( --e-global-typography-primary-font-weight );font-size: 1.75rem;font-style: normal;text-align: center;text-transform: none\">Vencedor do concurso \"Minha arte na capa\"<\/h3><\/h2>\t\t\t\t<\/div>\n\t\t\t\t<\/div>\n\t\t\t\t<div class=\"elementor-element elementor-element-3b13f2d elementor-widget elementor-widget-text-editor\" data-id=\"3b13f2d\" data-element_type=\"widget\" data-e-type=\"widget\" data-widget_type=\"text-editor.default\">\n\t\t\t\t<div class=\"elementor-widget-container\">\n\t\t\t\t\t\t\t\t\t<p><span style=\"color: rgb(3, 3, 3); font-size: 16px; text-align: justify; font-family: var( --e-global-typography-text-font-family ), Sans-serif; font-weight: var( --e-global-typography-text-font-weight ); font-style: inherit; text-transform: inherit;\">A comiss\u00e3o organizadora do concurso &#8220;Minha Arte na Capa&#8221;, anuncia o vencedor da 3\u00aa edi\u00e7\u00e3o.<\/span><\/p><p style=\"margin-bottom: 0.9rem; color: rgb(3, 3, 3); font-size: 16px; text-align: justify;\">Parabenizamos \u00e0 participante \u00c1llida Andriely Santos Silva pela sua bela arte, a qual ir\u00e1 compor a capa da 3\u00aa edi\u00e7\u00e3o do livro &#8221; Viv\u00eancia Integrada na Comunidade&#8221;.<\/p><p style=\"margin-bottom: 0.9rem; color: rgb(3, 3, 3); font-size: 16px; text-align: justify;\">Parabenizamos ainda a todos os outros competidores pela participa\u00e7\u00e3o e talentosas ilustra\u00e7\u00f5es art\u00edsticas.<\/p>\t\t\t\t\t\t\t\t<\/div>\n\t\t\t\t<\/div>\n\t\t\t\t<\/div>\n\t\t\t\t\t<\/div>\n\t\t\t\t<\/div>\n\t\t\t\t<\/div>\n\t\t","protected":false},"excerpt":{"rendered":"<p>Vencedor do concurso &#8220;Minha arte na capa&#8221; A comiss\u00e3o organizadora do concurso &#8220;Minha Arte na Capa&#8221;, anuncia o vencedor da 3\u00aa edi\u00e7\u00e3o. Parabenizamos \u00e0 participante \u00c1llida Andriely Santos Silva pela sua bela arte, a qual ir\u00e1 compor a capa da 3\u00aa edi\u00e7\u00e3o do livro &#8221; Viv\u00eancia Integrada na Comunidade&#8221;. Parabenizamos ainda a todos os outros [&hellip;]<\/p>\n","protected":false},"author":1,"featured_media":1335,"comment_status":"open","ping_status":"open","sticky":false,"template":"","format":"standard","meta":{"footnotes":""},"categories":[1],"tags":[],"class_list":["post-1327","post","type-post","status-publish","format-standard","has-post-thumbnail","hentry","category-sem-categoria"],"_links":{"self":[{"href":"https:\/\/emcm.ufrn.br\/site\/wp-json\/wp\/v2\/posts\/1327","targetHints":{"allow":["GET"]}}],"collection":[{"href":"https:\/\/emcm.ufrn.br\/site\/wp-json\/wp\/v2\/posts"}],"about":[{"href":"https:\/\/emcm.ufrn.br\/site\/wp-json\/wp\/v2\/types\/post"}],"author":[{"embeddable":true,"href":"https:\/\/emcm.ufrn.br\/site\/wp-json\/wp\/v2\/users\/1"}],"replies":[{"embeddable":true,"href":"https:\/\/emcm.ufrn.br\/site\/wp-json\/wp\/v2\/comments?post=1327"}],"version-history":[{"count":8,"href":"https:\/\/emcm.ufrn.br\/site\/wp-json\/wp\/v2\/posts\/1327\/revisions"}],"predecessor-version":[{"id":1886,"href":"https:\/\/emcm.ufrn.br\/site\/wp-json\/wp\/v2\/posts\/1327\/revisions\/1886"}],"wp:featuredmedia":[{"embeddable":true,"href":"https:\/\/emcm.ufrn.br\/site\/wp-json\/wp\/v2\/media\/1335"}],"wp:attachment":[{"href":"https:\/\/emcm.ufrn.br\/site\/wp-json\/wp\/v2\/media?parent=1327"}],"wp:term":[{"taxonomy":"category","embeddable":true,"href":"https:\/\/emcm.ufrn.br\/site\/wp-json\/wp\/v2\/categories?post=1327"},{"taxonomy":"post_tag","embeddable":true,"href":"https:\/\/emcm.ufrn.br\/site\/wp-json\/wp\/v2\/tags?post=1327"}],"curies":[{"name":"wp","href":"https:\/\/api.w.org\/{rel}","templated":true}]}}